{"id":10451,"date":"2023-04-27T11:34:20","date_gmt":"2023-04-27T14:34:20","guid":{"rendered":"https:\/\/www.visionweb.com.ar\/?p=10451"},"modified":"2023-04-27T11:34:20","modified_gmt":"2023-04-27T14:34:20","slug":"paso-se-une-espert-a-juntos-por-el-cambio","status":"publish","type":"post","link":"https:\/\/www.visionweb.com.ar\/?p=10451","title":{"rendered":"PASO: Se une Espert a Juntos por el Cambio"},"content":{"rendered":"<p><em><strong>Avanza Libertad se une a JXC. Morales, Pichetto y Santilli lo apoyaron. Espert puso dos condiciones.<\/strong><\/em><!--more--><\/p>\n<p><img loading=\"lazy\" decoding=\"async\" class=\"size-full wp-image-10452 alignright\" src=\"https:\/\/www.visionweb.com.ar\/wp-content\/uploads\/2023\/04\/Espert.png\" alt=\"\" width=\"275\" height=\"183\" \/>\u00a0\u00a0 <strong>E<\/strong>l Comit\u00e9 Nacional de la Uni\u00f3n C\u00edvica Radical (UCR) le dio la bienvenida al diputado nacional\u00a0<strong>Jos\u00e9 Luis Espert\u00a0<\/strong>a la coalici\u00f3n opositora de Juntos por el Cambio, al igual que lo hizo la Coalici\u00f3n C\u00edvica.<\/p>\n<p>Sin reparos de tipo ideol\u00f3gico, el titular del Comit\u00e9 Nacional\u00a0<strong>Gerardo Morales<\/strong>, elogi\u00f3 la figura del economista liberal a quien no dud\u00f3 en incluir en la lista de<strong>\u00a0\u201cgente capaz, trabajadora y decidida\u201d\u00a0<\/strong>que necesita Juntos por el Cambio para \u201cdar vuelta la Argentina\u201d.<\/p>\n<p><strong>\u201cSalir de esta crisis requiere madurez y unidad. Por eso, como presidente de la UCR saludo la incorporaci\u00f3n de Jos\u00e9 Luis Espert y Avanza Libertad\u201d,\u00a0<\/strong>expres\u00f3 el gobernador de Jujuy.<\/p>\n<p>\u201cS\u00e9 de su enorme preocupaci\u00f3n por la fr\u00e1gil situaci\u00f3n del pa\u00eds, y creo que es necesaria la ampliaci\u00f3n de Juntos por el Cambio con espacios que est\u00e9n comprometidos con nuestra ciudadan\u00eda. Con orden y capacidad de gesti\u00f3n, vamos a revertir el desastre que nos deja este gobierno\u201d agreg\u00f3 Morales.<\/p>\n<p>En igual sinton\u00eda ya se hab\u00eda expresado el titular de la Coalici\u00f3n C\u00edvica,\u00a0<strong>Maximiliano Ferraro<\/strong>: Juntos por el Cambio \u00abdebe ser siempre un espacio amplio, que sume a todos aquellos que defiendan la democracia, la libertad, el humanismo y los valores republicanos\u00bb dijo y por eso apoy\u00f3 la propuesta de Avanza Libertad de sumarse al espacio. \u00abEl pa\u00eds necesita de cada uno de nosotros para salir adelante\u00bb, concluy\u00f3.<\/p>\n<p>Lo propio hizo el titular de Encuentro Republicano Federal,\u00a0<strong>Miguel \u00c1ngel Pichetto<\/strong>. En declaraciones radiales sostuvo:<strong>\u00a0\u201cYo tengo una mirada totalmente positiva, me parece que es interesante sumar a Jos\u00e9 Luis Espert con su partido que aporta una mirada liberal y consolida el frente opositor\u201d.<\/strong><\/p>\n<p>Cabe recordar que la tracci\u00f3n del nombre de Jos\u00e9 Luis Espert hab\u00eda sido realizada desde el entorno de Horacio Rodr\u00edguez Larreta, quien ve en su figura la posibilidad de disputar el voto libertario y contrarrestar el crecimiento de Javier Milei.<\/p>\n<p>Tambi\u00e9n el precandidato a gobernador bonaerense por el partido amarillo\u00a0<strong>Diego Santilli<\/strong>\u00a0coincidi\u00f3 con las fuerzas aliadas. \u00abDesde el 2021 sostengo que es clave ampliar nuestro espacio. Y siempre quise que Espert compita dentro de nuestra PASO, porque le hubi\u00e9ramos ganado por m\u00e1s distancia al peronismo unido\u00bb, dijo ayer durante el lanzamiento a precandidato de Pichetto.<\/p>\n<p><strong>El pedido de Espert: <\/strong>El economista oriundo de Pergamino propone desde 2021, crear un gran frente opositor que compita en las elecciones primarias para despu\u00e9s enfrentar en las generales al Frente de Todos, y ahora formaliz\u00f3 su propuesta a trav\u00e9s de una carta que le envi\u00f3 a las autoridades de Juntos por el Cambio.<\/p>\n<p>En el escrito, Espert puso dos condiciones: competir abiertamente en las PASO por todos los cargos electivos, y rebautizar al espacio como \u00abJuntos por el Cambio y la Libertad\u00bb.<\/p>\n<p>Hasta el momento, no hubo posici\u00f3n en contrario a la posibilidad de sumar a Avanza Libertad al espacio Juntos, creado por\u00a0Elisa Carri\u00f3,\u00a0Ernesto Sanz\u00a0y\u00a0Mauricio Macri. <strong>(VW)<\/strong><\/p>\n<p>&nbsp;<\/p>\n<p>&nbsp;<\/p>\n<p>&nbsp;<\/p>\n","protected":false},"excerpt":{"rendered":"<p>Avanza Libertad se une a JXC. Morales, Pichetto y Santilli lo apoyaron. Espert puso dos condiciones.<\/p>\n","protected":false},"author":4,"featured_media":10452,"comment_status":"closed","ping_status":"closed","sticky":false,"template":"","format":"standard","meta":{"_monsterinsights_skip_tracking":false,"_monsterinsights_sitenote_active":false,"_monsterinsights_sitenote_note":"","_monsterinsights_sitenote_category":0,"footnotes":""},"categories":[4],"tags":[4332,4334,4333,204],"class_list":["post-10451","post","type-post","status-publish","format-standard","has-post-thumbnail","hentry","category-politica","tag-avanza-libertad","tag-espert-se-une-a-jxc","tag-jose-luis-espert","tag-paso"],"_links":{"self":[{"href":"https:\/\/www.visionweb.com.ar\/index.php?rest_route=\/wp\/v2\/posts\/10451","targetHints":{"allow":["GET"]}}],"collection":[{"href":"https:\/\/www.visionweb.com.ar\/index.php?rest_route=\/wp\/v2\/posts"}],"about":[{"href":"https:\/\/www.visionweb.com.ar\/index.php?rest_route=\/wp\/v2\/types\/post"}],"author":[{"embeddable":true,"href":"https:\/\/www.visionweb.com.ar\/index.php?rest_route=\/wp\/v2\/users\/4"}],"replies":[{"embeddable":true,"href":"https:\/\/www.visionweb.com.ar\/index.php?rest_route=%2Fwp%2Fv2%2Fcomments&post=10451"}],"version-history":[{"count":1,"href":"https:\/\/www.visionweb.com.ar\/index.php?rest_route=\/wp\/v2\/posts\/10451\/revisions"}],"predecessor-version":[{"id":10453,"href":"https:\/\/www.visionweb.com.ar\/index.php?rest_route=\/wp\/v2\/posts\/10451\/revisions\/10453"}],"wp:featuredmedia":[{"embeddable":true,"href":"https:\/\/www.visionweb.com.ar\/index.php?rest_route=\/wp\/v2\/media\/10452"}],"wp:attachment":[{"href":"https:\/\/www.visionweb.com.ar\/index.php?rest_route=%2Fwp%2Fv2%2Fmedia&parent=10451"}],"wp:term":[{"taxonomy":"category","embeddable":true,"href":"https:\/\/www.visionweb.com.ar\/index.php?rest_route=%2Fwp%2Fv2%2Fcategories&post=10451"},{"taxonomy":"post_tag","embeddable":true,"href":"https:\/\/www.visionweb.com.ar\/index.php?rest_route=%2Fwp%2Fv2%2Ftags&post=10451"}],"curies":[{"name":"wp","href":"https:\/\/api.w.org\/{rel}","templated":true}]}}