{"id":10446,"date":"2023-04-27T09:50:01","date_gmt":"2023-04-27T12:50:01","guid":{"rendered":"https:\/\/www.visionweb.com.ar\/?p=10446"},"modified":"2023-04-27T09:50:01","modified_gmt":"2023-04-27T12:50:01","slug":"paso-pichetto-lanzo-su-precandidatura-presidencial","status":"publish","type":"post","link":"https:\/\/www.visionweb.com.ar\/?p=10446","title":{"rendered":"PASO: Pichetto lanz\u00f3 su precandidatura presidencial"},"content":{"rendered":"<p><em><strong>Miguel \u00c1ngel Pichetto, se lanz\u00f3 como precandidato a presidente, por Juntos por el Cambio.<\/strong><\/em><!--more--><\/p>\n<p><strong> <img loading=\"lazy\" decoding=\"async\" class=\"size-full wp-image-10447 alignright\" src=\"https:\/\/www.visionweb.com.ar\/wp-content\/uploads\/2023\/04\/Pichetto.png\" alt=\"\" width=\"275\" height=\"183\" \/><\/strong><strong>\u00a0\u00a0 E<\/strong>l l\u00edder de Encuentro Republicano Federal,\u00a0<strong>Miguel \u00c1ngel Pichetto<\/strong>, lanz\u00f3 anoche su precandidatura a la presidencia de la Naci\u00f3n, en un acto en el Club Ferrocarril Oeste de la Ciudad de Buenos Aires.<\/p>\n<p>\u00abVengo a ofrecer una vida dedicada al servicio p\u00fablico, vengo a ofrecer experiencia, los temas de la Argentina los conozco, s\u00e9 cu\u00e1les fueron los errores\u00bb, expres\u00f3 Pichetto desde el escenario.<\/p>\n<p>Lo acompa\u00f1aron en el evento, el expresidente<strong>\u00a0Ram\u00f3n Puerta<\/strong>, el exgobernador de Salta<strong>\u00a0Juan Carlos Romero<\/strong>,\u00a0<strong>Diego Santilli<\/strong>, el dirigente sindical<strong>\u00a0Dante Cama\u00f1o<\/strong>, la senadora bonaerense\u00a0<strong>Claudia Rucci<\/strong>\u00a0y\u00a0<strong>Cora Reutemann<\/strong>, entre otros.<\/p>\n<p>En su discurso,\u00a0<strong>Pichetto habl\u00f3 de ir \u00ablimitando en el tiempo la patria del pobrismo, que s\u00f3lo les conviene a los hombres de las organizaciones que intermedian\u00bb. \u00abNo salimos tampoco por el lado de los empresarios que se reunieron en Bariloche, que no me invitaron<\/strong>. No hay solo corporaci\u00f3n sindical, tambi\u00e9n est\u00e1 la empresaria\u00bb, complet\u00f3.<\/p>\n<p>En cuanto a sus propuestas, el dirigente del peronismo aliado a Juntos por el Cambio <strong>defendi\u00f3<\/strong> <strong>el<\/strong> <strong>derecho<\/strong> <strong>a<\/strong> <strong>la<\/strong> <strong>propiedad<\/strong> <strong>privada<\/strong>. \u00abLos que vengan a invertir en petr\u00f3leo, gas y miner\u00eda tienen que tener reglas claras, la salida de la Argentina va por ah\u00ed, por la revoluci\u00f3n de la energ\u00eda y de la miner\u00eda\u00bb, afirm\u00f3.<\/p>\n<p>Por otro lado, habl\u00f3 de reformar la ley de defensa y seguridad, y de revitalizar los ferrocarriles.<\/p>\n<p>\u00abHay un camino de salida y esperanza para el pa\u00eds y se c\u00f3mo hacerlo\u00bb, sentenci\u00f3 el actual auditor general de la Naci\u00f3n<strong>. (VW)<\/strong><\/p>\n<p>&nbsp;<\/p>\n","protected":false},"excerpt":{"rendered":"<p>Miguel \u00c1ngel Pichetto, se lanz\u00f3 como precandidato a presidente, por Juntos por el Cambio.<\/p>\n","protected":false},"author":4,"featured_media":10447,"comment_status":"closed","ping_status":"closed","sticky":false,"template":"","format":"standard","meta":{"_monsterinsights_skip_tracking":false,"_monsterinsights_sitenote_active":false,"_monsterinsights_sitenote_note":"","_monsterinsights_sitenote_category":0,"footnotes":""},"categories":[4],"tags":[204,4329,4036],"class_list":["post-10446","post","type-post","status-publish","format-standard","has-post-thumbnail","hentry","category-politica","tag-paso","tag-pichetto","tag-precandidato-a-presidente"],"_links":{"self":[{"href":"https:\/\/www.visionweb.com.ar\/index.php?rest_route=\/wp\/v2\/posts\/10446","targetHints":{"allow":["GET"]}}],"collection":[{"href":"https:\/\/www.visionweb.com.ar\/index.php?rest_route=\/wp\/v2\/posts"}],"about":[{"href":"https:\/\/www.visionweb.com.ar\/index.php?rest_route=\/wp\/v2\/types\/post"}],"author":[{"embeddable":true,"href":"https:\/\/www.visionweb.com.ar\/index.php?rest_route=\/wp\/v2\/users\/4"}],"replies":[{"embeddable":true,"href":"https:\/\/www.visionweb.com.ar\/index.php?rest_route=%2Fwp%2Fv2%2Fcomments&post=10446"}],"version-history":[{"count":1,"href":"https:\/\/www.visionweb.com.ar\/index.php?rest_route=\/wp\/v2\/posts\/10446\/revisions"}],"predecessor-version":[{"id":10448,"href":"https:\/\/www.visionweb.com.ar\/index.php?rest_route=\/wp\/v2\/posts\/10446\/revisions\/10448"}],"wp:featuredmedia":[{"embeddable":true,"href":"https:\/\/www.visionweb.com.ar\/index.php?rest_route=\/wp\/v2\/media\/10447"}],"wp:attachment":[{"href":"https:\/\/www.visionweb.com.ar\/index.php?rest_route=%2Fwp%2Fv2%2Fmedia&parent=10446"}],"wp:term":[{"taxonomy":"category","embeddable":true,"href":"https:\/\/www.visionweb.com.ar\/index.php?rest_route=%2Fwp%2Fv2%2Fcategories&post=10446"},{"taxonomy":"post_tag","embeddable":true,"href":"https:\/\/www.visionweb.com.ar\/index.php?rest_route=%2Fwp%2Fv2%2Ftags&post=10446"}],"curies":[{"name":"wp","href":"https:\/\/api.w.org\/{rel}","templated":true}]}}