{"id":10436,"date":"2023-04-27T08:33:42","date_gmt":"2023-04-27T11:33:42","guid":{"rendered":"https:\/\/www.visionweb.com.ar\/?p=10436"},"modified":"2023-04-27T08:33:42","modified_gmt":"2023-04-27T11:33:42","slug":"episccopado-la-iglesia-alerto-sobre-el-miedo-a-salir-a-la-calle-la-violencia-y-la-agresion-generalizada","status":"publish","type":"post","link":"https:\/\/www.visionweb.com.ar\/?p=10436","title":{"rendered":"Episccopado: La iglesia alert\u00f3 sobre \u201cel miedo a salir a la calle, la violencia y la agresi\u00f3n generalizada"},"content":{"rendered":"<p><em><strong>As\u00ed alerta el documento publicado por\u00a0 la 122\u00aa Asamblea que concluyo este mi\u00e9rcoles en la localidad de Pilar. Tambi\u00e9n llam\u00f3 al di\u00e1logo pol\u00edtico para dejar de lado los ego\u00edsmos de la dirigencia.<\/strong><\/em>\u00a0 <!--more--><\/p>\n<div id=\"attachment_10437\" style=\"width: 310px\" class=\"wp-caption alignright\"><img loading=\"lazy\" decoding=\"async\" aria-describedby=\"caption-attachment-10437\" class=\"wp-image-10437 size-medium\" src=\"https:\/\/www.visionweb.com.ar\/wp-content\/uploads\/2023\/04\/episcopado-argentino-300x167.png\" alt=\"\" width=\"300\" height=\"167\" srcset=\"https:\/\/www.visionweb.com.ar\/wp-content\/uploads\/2023\/04\/episcopado-argentino-300x167.png 300w, https:\/\/www.visionweb.com.ar\/wp-content\/uploads\/2023\/04\/episcopado-argentino.png 640w\" sizes=\"auto, (max-width: 300px) 100vw, 300px\" \/><p id=\"caption-attachment-10437\" class=\"wp-caption-text\"><em><strong>Monse\u00f1or Jorge Ojea preside la Misa de cierre de la 122\u00aa reuni\u00f3n de la CEA (Foto&gt;: Prensa CEA)<\/strong><\/em><\/p><\/div>\n<p><strong>L<\/strong>os obispos reunidos en la 122\u00ba Asamblea Plenaria de la Conferencia Episcopal Argentina (CEA) en la localidad bonaerense de Pilar <strong>hicieron un pedido a los dirigentes pol\u00edticos a dejar de lado \u201cintereses mezquinos\u201d,\u00a0<\/strong>al tiempo que llamaron a la sociedad a \u201cseguir confiando en el camino democr\u00e1tico\u201d.<\/p>\n<article class=\"vw-main-post post-261679 post type-post status-publish format-standard has-post-thumbnail hentry category-centrales category-destacadas category-sociedad tag-conferencia-episcopal-argentina tag-iglesia-catolica tag-obispos\">\n<div class=\"vw-post-content clearfix\"><strong>\u201cA 40 a\u00f1os de la recuperaci\u00f3n de la democracia renovamos la esperanza\u201d,\u00a0<\/strong>es el t\u00edtulo del documento difundido por los obispos, en medio de la crisis econ\u00f3mica que atraviesa el pa\u00eds y en momentos en que se empieza a calentar la campa\u00f1a electoral, indic\u00f3 el comunicado publicado por prensa de la Conferencia Episcopal Argentina.<\/p>\n<h3>El Documento Episcopal<\/h3>\n<p>\u201cHermanas y hermanos de nuestra querida patria, d\u00eda tras d\u00eda vemos un pueblo que sufre. Pesa el agobio del desencanto, las promesas incumplidas, los sue\u00f1os rotos.\u00a0<strong>Pesa tambi\u00e9n la falta de un horizonte claro para nuestros hijos.\u00a0<\/strong>Angustia sentir que es cada vez m\u00e1s dif\u00edcil poner el pan en la mesa, cuidar la salud, imaginar un futuro para los j\u00f3venes. Se suman el miedo a salir a la calle, la violencia y la agresi\u00f3n generalizada. Se hace sentir cada vez m\u00e1s la p\u00e9rdida de los valores que sosten\u00edan la vida familiar y social\u201d, cuestion\u00f3 la Iglesia.<\/p>\n<p>En el marco de la Asamblea Plenaria que tiene lugar en Pilar, los prelados se\u00f1alaron: \u201cNos duele en el alma la deserci\u00f3n de los chicos del colegio,\u00a0<strong>las aulas reemplazadas por una esquina o un rinc\u00f3n peligroso a la vista de madres impotentes.\u00a0<\/strong>Volvemos a olvidar que la mejor pol\u00edtica de seguridad es la educaci\u00f3n\u201d.<\/p>\n<p>\u201cNo pretendemos ser expertos en diagn\u00f3sticos, s\u00f3lo\u00a0<strong>recogemos el lamento y las l\u00e1grimas de la gente que nos encontramos en nuestros pueblos y barrios. \u00bfQu\u00e9 hicimos de nuestra patria?\u00a0<\/strong>A cuarenta a\u00f1os de la recuperaci\u00f3n de la democracia vemos con dolor cu\u00e1nto desaprovechamos las posibilidades que ten\u00edamos de construir una Argentina pujante y feliz\u201d, critic\u00f3 la CEA, conducida por el obispo de San Isidro, Oscar Ojea.<\/p>\n<p>En un documento firmado por los obispos que participan del encuentro indic\u00f3 que\u00a0<strong>\u201cla bronca y el cansancio no son buenos consejeros\u201d,\u00a0<\/strong>por eso, invitaron \u201ccon fervor a seguir confiando en el camino democr\u00e1tico con la esperanza de que estamos a tiempo\u201d.<\/p>\n<p>\u201cSiempre es posible renacer si lo hacemos entre todos. Siempre hay camino si somos capaces de conversar y de ponernos la patria al hombro.\u00a0<strong>Este es un deseo que no sabe de grietas o partidos, es de un pueblo. Por eso pedimos, rogamos a quienes poseen mayores responsabilidades que tengan la grandeza de pensar en el sufrimiento de muchos<\/strong>, m\u00e1s que en los intereses mezquinos\u201d, subrayaron.<\/p>\n<p>\u201cLa gente necesita recibir propuestas concretas y realistas m\u00e1s que soluciones tan seductoras como inconsistentes. Tambi\u00e9n espera que se sienten a escucharse y a discutir con respeto hasta encontrar puntos en com\u00fan.<strong>\u00a0Ans\u00eda caminar hacia un proyecto estrat\u00e9gico de desarrollo, que abra un horizonte de esperanza, dignidad, paz social, trabajo y prosperidad<\/strong>, privilegiando a los tirados al borde del camino\u201d, destacaron.<\/p>\n<p>\u201cPor otro lado, de \u00e9sta no zafa nadie. Dice Francisco: \u00b4Seamos parte activa en la rehabilitaci\u00f3n y auxilio de las sociedades heridas\u2026 Es posible empezar de abajo y de a uno, pugnar por lo m\u00e1s concreto y local hasta el \u00faltimo rinc\u00f3n de la patria\u2026\u00b4 (FT 77-78). Nos inspiran muchos que ya lo est\u00e1n haciendo. Como hermanos y conciudadanos\u00a0<strong>queremos invitarlos e invitarnos a cultivar los grandes valores de la honestidad, la laboriosidad, el respeto, el cuidado de la vida, la bondad, el servicio, la justicia<\/strong>. Sin ellos no habr\u00e1 pol\u00edticas ni proyectos que nos saquen del pozo. Tambi\u00e9n la actividad pol\u00edtica deber\u00eda estar cimentada en una vida austera y coherente\u201d, afirmaron.<\/p>\n<p>Y agregaron: \u201cNosotros como creyentes tambi\u00e9n proponemos un camino desde la fe. El Dios que nos dio la vida y nos quiere tanto puede darnos la fuerza para no bajar los brazos y seguir luchando. Porque si no actuamos hoy, dejaremos de ser protagonistas para convertirnos en espectadores fracasados.\u00a0<strong>Como peque\u00f1o gesto hemos decidido que todas las di\u00f3cesis del pa\u00eds hagamos una misi\u00f3n visitando algunos de nuestros barrios donde viven los m\u00e1s vulnerables y abandonados<\/strong>. Con todo cari\u00f1o pedimos al Se\u00f1or que bendiga nuestra patria y a la Virgen de Luj\u00e1n que no nos suelte de la mano\u201d<strong>(VW)<\/strong><\/p>\n<\/div>\n<footer class=\"vw-post-footer clearfix\">\n<div class=\"vw-tags\"><i class=\"vw-icon icon-entypo-tag\"><\/i><\/div>\n<\/footer>\n<div>\n<div><\/div>\n<\/div>\n<\/article>\n<div class=\"vw-about-author clearfix\">\n<div class=\"vw-about-author__inner clearfix\"><\/div>\n<\/div>\n","protected":false},"excerpt":{"rendered":"<p>As\u00ed alerta el documento publicado por\u00a0 la 122\u00aa Asamblea que concluyo este mi\u00e9rcoles en la localidad de Pilar. Tambi\u00e9n llam\u00f3 al di\u00e1logo pol\u00edtico para dejar de lado los ego\u00edsmos de la dirigencia.\u00a0<\/p>\n","protected":false},"author":3,"featured_media":10437,"comment_status":"closed","ping_status":"closed","sticky":false,"template":"","format":"standard","meta":{"_monsterinsights_skip_tracking":false,"_monsterinsights_sitenote_active":false,"_monsterinsights_sitenote_note":"","_monsterinsights_sitenote_category":0,"footnotes":""},"categories":[3,4],"tags":[3368,4328,4327],"class_list":["post-10436","post","type-post","status-publish","format-standard","has-post-thumbnail","hentry","category-actualidad","category-politica","tag-asamblea","tag-docuemnto","tag-obispos"],"_links":{"self":[{"href":"https:\/\/www.visionweb.com.ar\/index.php?rest_route=\/wp\/v2\/posts\/10436","targetHints":{"allow":["GET"]}}],"collection":[{"href":"https:\/\/www.visionweb.com.ar\/index.php?rest_route=\/wp\/v2\/posts"}],"about":[{"href":"https:\/\/www.visionweb.com.ar\/index.php?rest_route=\/wp\/v2\/types\/post"}],"author":[{"embeddable":true,"href":"https:\/\/www.visionweb.com.ar\/index.php?rest_route=\/wp\/v2\/users\/3"}],"replies":[{"embeddable":true,"href":"https:\/\/www.visionweb.com.ar\/index.php?rest_route=%2Fwp%2Fv2%2Fcomments&post=10436"}],"version-history":[{"count":1,"href":"https:\/\/www.visionweb.com.ar\/index.php?rest_route=\/wp\/v2\/posts\/10436\/revisions"}],"predecessor-version":[{"id":10438,"href":"https:\/\/www.visionweb.com.ar\/index.php?rest_route=\/wp\/v2\/posts\/10436\/revisions\/10438"}],"wp:featuredmedia":[{"embeddable":true,"href":"https:\/\/www.visionweb.com.ar\/index.php?rest_route=\/wp\/v2\/media\/10437"}],"wp:attachment":[{"href":"https:\/\/www.visionweb.com.ar\/index.php?rest_route=%2Fwp%2Fv2%2Fmedia&parent=10436"}],"wp:term":[{"taxonomy":"category","embeddable":true,"href":"https:\/\/www.visionweb.com.ar\/index.php?rest_route=%2Fwp%2Fv2%2Fcategories&post=10436"},{"taxonomy":"post_tag","embeddable":true,"href":"https:\/\/www.visionweb.com.ar\/index.php?rest_route=%2Fwp%2Fv2%2Ftags&post=10436"}],"curies":[{"name":"wp","href":"https:\/\/api.w.org\/{rel}","templated":true}]}}