{"id":10430,"date":"2023-04-26T08:58:38","date_gmt":"2023-04-26T11:58:38","guid":{"rendered":"https:\/\/www.visionweb.com.ar\/?p=10430"},"modified":"2023-04-26T08:58:38","modified_gmt":"2023-04-26T11:58:38","slug":"el-municipio-de-lanus-anticipara-el-aumento-para-el-personal","status":"publish","type":"post","link":"https:\/\/www.visionweb.com.ar\/?p=10430","title":{"rendered":"El municipio de Lan\u00fas anticipar\u00e1 el aumento para el personal"},"content":{"rendered":"<p><em><strong>El anticipo del incremento fue dispuesto frente a la cr\u00edtica situaci\u00f3n que enfrenta la Argentina y la depreciaci\u00f3n constante de su moneda.<\/strong><\/em> <!--more--><\/p>\n<div id=\"attachment_10215\" style=\"width: 310px\" class=\"wp-caption alignright\"><img loading=\"lazy\" decoding=\"async\" aria-describedby=\"caption-attachment-10215\" class=\"wp-image-10215 size-medium\" src=\"https:\/\/www.visionweb.com.ar\/wp-content\/uploads\/2023\/04\/muni-lanus-300x190.png\" alt=\"\" width=\"300\" height=\"190\" srcset=\"https:\/\/www.visionweb.com.ar\/wp-content\/uploads\/2023\/04\/muni-lanus-300x190.png 300w, https:\/\/www.visionweb.com.ar\/wp-content\/uploads\/2023\/04\/muni-lanus.png 338w\" sizes=\"auto, (max-width: 300px) 100vw, 300px\" \/><p id=\"caption-attachment-10215\" class=\"wp-caption-text\">El personal municipal recibir\u00e1 por anticipado el ajuste del 5%<\/p><\/div>\n<p>Las autoridades municipales dispusieron anticipar el aumento de 5 putos porcentuales para el personal que se desempe\u00f1a en la administraci\u00f3n local.<\/p>\n<p>El dato lo hizo conocer el intendente interino de Lan\u00fas Diego Kravetz, al justificar la decisi\u00f3n por \u00a0la \u00abalarmante situaci\u00f3n inflacionaria\u00bb.<\/p>\n<p>\u00abHemos decidido adelantar el incremento salarial para los trabajadores municipales del 5% que estaba previsto para junio, y sumarlo al 10% que ya hab\u00edamos acordado para el mes de mayo. Esto significa que el incremento del semestre ser\u00e1 del 35% en total\u00bb, afirm\u00f3 el tambi\u00e9n candidato del Pro para retener la intendencia.<\/p>\n<p>\u00abEs muy preocupante la situaci\u00f3n econ\u00f3mica del pa\u00eds y no vemos un plan por parte del gobierno nacional. Ser\u00eda bueno que dejen de jugar a la pol\u00edtica y se ocupen de los problemas reales de la gente\u00bb, a\u00f1adi\u00f3.<\/p>\n<p>Kravetz elogi\u00f3 a los municipales y dijo que \u00abgracias a ellos\u00bb se pueden brindar \u00abcada d\u00eda mejores servicios\u00bb.<\/p>\n<p>\u00abRecordemos que venimos de a\u00f1os de abandono total y de a poco fuimos recuperando todos juntos el estado municipal\u00bb<strong>(VW)<\/strong><\/p>\n<p>&nbsp;<\/p>\n<p>&nbsp;<\/p>\n","protected":false},"excerpt":{"rendered":"<p>El anticipo del incremento fue dispuesto frente a la cr\u00edtica situaci\u00f3n que enfrenta la Argentina y la depreciaci\u00f3n constante de su moneda.<\/p>\n","protected":false},"author":3,"featured_media":10215,"comment_status":"closed","ping_status":"closed","sticky":false,"template":"","format":"standard","meta":{"_monsterinsights_skip_tracking":false,"_monsterinsights_sitenote_active":false,"_monsterinsights_sitenote_note":"","_monsterinsights_sitenote_category":0,"footnotes":""},"categories":[3],"tags":[58,397,241,56],"class_list":["post-10430","post","type-post","status-publish","format-standard","has-post-thumbnail","hentry","category-actualidad","tag-aumento","tag-emergencia","tag-kravetz","tag-salarios"],"_links":{"self":[{"href":"https:\/\/www.visionweb.com.ar\/index.php?rest_route=\/wp\/v2\/posts\/10430","targetHints":{"allow":["GET"]}}],"collection":[{"href":"https:\/\/www.visionweb.com.ar\/index.php?rest_route=\/wp\/v2\/posts"}],"about":[{"href":"https:\/\/www.visionweb.com.ar\/index.php?rest_route=\/wp\/v2\/types\/post"}],"author":[{"embeddable":true,"href":"https:\/\/www.visionweb.com.ar\/index.php?rest_route=\/wp\/v2\/users\/3"}],"replies":[{"embeddable":true,"href":"https:\/\/www.visionweb.com.ar\/index.php?rest_route=%2Fwp%2Fv2%2Fcomments&post=10430"}],"version-history":[{"count":1,"href":"https:\/\/www.visionweb.com.ar\/index.php?rest_route=\/wp\/v2\/posts\/10430\/revisions"}],"predecessor-version":[{"id":10431,"href":"https:\/\/www.visionweb.com.ar\/index.php?rest_route=\/wp\/v2\/posts\/10430\/revisions\/10431"}],"wp:featuredmedia":[{"embeddable":true,"href":"https:\/\/www.visionweb.com.ar\/index.php?rest_route=\/wp\/v2\/media\/10215"}],"wp:attachment":[{"href":"https:\/\/www.visionweb.com.ar\/index.php?rest_route=%2Fwp%2Fv2%2Fmedia&parent=10430"}],"wp:term":[{"taxonomy":"category","embeddable":true,"href":"https:\/\/www.visionweb.com.ar\/index.php?rest_route=%2Fwp%2Fv2%2Fcategories&post=10430"},{"taxonomy":"post_tag","embeddable":true,"href":"https:\/\/www.visionweb.com.ar\/index.php?rest_route=%2Fwp%2Fv2%2Ftags&post=10430"}],"curies":[{"name":"wp","href":"https:\/\/api.w.org\/{rel}","templated":true}]}}