{"id":10419,"date":"2023-04-26T07:11:00","date_gmt":"2023-04-26T10:11:00","guid":{"rendered":"https:\/\/www.visionweb.com.ar\/?p=10419"},"modified":"2023-04-25T19:15:28","modified_gmt":"2023-04-25T22:15:28","slug":"llega-una-nueva-edicion-de-la-noche-de-las-embajadas","status":"publish","type":"post","link":"https:\/\/www.visionweb.com.ar\/?p=10419","title":{"rendered":"Llega una nueva edici\u00f3n de La Noche de las Embajadas"},"content":{"rendered":"<p><em><strong>El pr\u00f3ximo viernes 28 se podr\u00e1 disfrutar de diferentes propuestas art\u00edsticas, exposiciones de arte, libros, bailes t\u00edpicos, m\u00fasica, poes\u00eda y mucho m\u00e1s. Con entrada libre y gratuita.<\/strong><\/em><!--more--><\/p>\n<div id=\"attachment_10420\" style=\"width: 310px\" class=\"wp-caption alignright\"><img loading=\"lazy\" decoding=\"async\" aria-describedby=\"caption-attachment-10420\" class=\"wp-image-10420 size-medium\" src=\"https:\/\/www.visionweb.com.ar\/wp-content\/uploads\/2023\/04\/palacio-san-martin-300x135.png\" alt=\"\" width=\"300\" height=\"135\" srcset=\"https:\/\/www.visionweb.com.ar\/wp-content\/uploads\/2023\/04\/palacio-san-martin-300x135.png 300w, https:\/\/www.visionweb.com.ar\/wp-content\/uploads\/2023\/04\/palacio-san-martin.png 335w\" sizes=\"auto, (max-width: 300px) 100vw, 300px\" \/><p id=\"caption-attachment-10420\" class=\"wp-caption-text\">Palacio San Mart\u00edn<\/p><\/div>\n<p><strong>\u00a0 U<\/strong>na nueva edici\u00f3n de<strong> La Noche de las Embajadas se realizar\u00e1 el viernes a partir de las 18 en las sedes diplom\u00e1ticas extranjeras del pa\u00eds y el Palacio San Mart\u00edn<\/strong>, sede protocolar de la\u00a0<a href=\"https:\/\/twitter.com\/CancilleriaARG\">Canciller\u00eda argentina<\/a>, que abrir\u00e1n sus puertas al p\u00fablico para recorrer sus locaciones y propuestas art\u00edsticas.<\/p>\n<p>Diversas <a href=\"https:\/\/turnos-palacio.mrecic.gov.ar\/home\/turnos\/diplomacia\">visitas\u00a0<\/a>por edificios emblem\u00e1ticos de gran valor arquitect\u00f3nico, as\u00ed como actividades art\u00edsticas, exposiciones, bailes t\u00edpicos, m\u00fasica y lecturas de poes\u00eda, son algunas de las propuestas que se ofrecer\u00e1n en la tarde-noche del viernes.<\/p>\n<p><strong>La iniciativa organizada por la Canciller\u00eda argentina con la intenci\u00f3n de \u201cfomentar el intercambio cultural entre los pueblos, ofrece esta propuesta para acercar la diplomacia a la sociedad\u201d y tambi\u00e9n para \u201clas culturas, las ra\u00edces y or\u00edgenes\u201d, conforme se inform\u00f3 desde Canciller\u00eda.<\/strong><\/p>\n<p>Con esta propuesta, se podr\u00e1n recorrer \u201clas diferentes embajadas, el <strong>Palacio<\/strong> <strong>San<\/strong> <strong>Mart\u00edn<\/strong> y la Casa Patria Grande Presidente N\u00e9stor C. Kirchner, que abrir\u00e1n sus puertas y ofrecer\u00e1n programas culturales de manera libre y gratuita para el p\u00fablico en general\u201d, se indic\u00f3.<\/p>\n<p>\u201cEn las diferentes locaciones se podr\u00e1 disfrutar de propuestas art\u00edsticas como exposiciones de arte, libros, bailes t\u00edpicos, m\u00fasica, poes\u00eda y mucho m\u00e1s. Adem\u00e1s, el p\u00fablico podr\u00e1 ser parte de una propuesta arquitect\u00f3nica \u00fanica recorriendo de noche diferentes edificios emblem\u00e1ticos de la ciudad de Buenos Aires\u201d, a\u00f1adi\u00f3 el Palacio San Mart\u00edn.<\/p>\n<p><strong>La propuesta\u00a0<\/strong>tiene entre sus puntos destacados al\u00a0<strong>Palacio San Mart\u00edn<\/strong>, sede y Museo de la Diplomacia Argentina que se encuentra preservado como Monumento Hist\u00f3rico Nacional.<\/p>\n<p>Se podr\u00e1 visitar la\u00a0<strong>Residencia de B\u00e9lgica<\/strong>\u00a0en turnos de 15 minutos para grupos de aproximadamente15 personas, en orden de llegada con cupo limitado; mientras que la <strong>Embajada<\/strong> <strong>de<\/strong> <strong>Bolivia<\/strong> prepara una programaci\u00f3n con m\u00fasica, promoci\u00f3n tur\u00edstica y gastronom\u00eda local.<\/p>\n<p>La\u00a0<strong>embajada de China\u00a0<\/strong>ofrece visitas guiadas a sus salones con exposiciones tem\u00e1ticas de trajes tradicionales de las minor\u00edas \u00e9tnicas, artes esc\u00e9nicas, objetos culturales y maquetas de productos de alta tecnolog\u00eda.<\/p>\n<p><strong>M\u00e9xico\u00a0<\/strong>realizar\u00e1 una charla sobre la importancia hist\u00f3rica de la sede durante la dictadura c\u00edvico-militar y proyectar\u00e1 el documental \u201cArgenmex, exiliadxs hijxs\u201d, de Violeta Burkart No\u00eb.<\/p>\n<p><strong>Colombia\u00a0<\/strong>propone degustaciones de caf\u00e9, show de salsa, m\u00fasica en vivo, en tanto que El Salvador reunir\u00e1 a 25 emprendedores de ese pa\u00eds radicados en Buenos Aires que participar\u00e1n de una feria con sus productos.<\/p>\n<p>La\u00a0<strong>embajada de Estados Unidos<\/strong>\u00a0abrir\u00e1 las puertas de Icana con una agenda de intercambio cultural y actividades para toda la familia, entre las que destacan un recorrido por las pel\u00edculas m\u00e1s reconocidas que incorporaron la idea de la Inteligencia Artificial en el cine norteamericano, y una exhibici\u00f3n de fotos de la colecci\u00f3n \u201cThis is America\u201d, con paisajes los estadounidenses m\u00e1s imponentes.<\/p>\n<p>Aqu\u00ed se puede consultar el<strong>\u00a0<a href=\"https:\/\/www.cancilleria.gob.ar\/es\/la-noche-de-las-embajadas\">cronograma\u00a0<\/a><\/strong>completo.<strong> (VW)<\/strong><\/p>\n<p>&nbsp;<\/p>\n","protected":false},"excerpt":{"rendered":"<p>El pr\u00f3ximo viernes 28 se podr\u00e1 disfrutar de diferentes propuestas art\u00edsticas, exposiciones de arte, libros, bailes t\u00edpicos, m\u00fasica, poes\u00eda y mucho m\u00e1s. Con entrada libre y gratuita.<\/p>\n","protected":false},"author":4,"featured_media":10420,"comment_status":"closed","ping_status":"closed","sticky":false,"template":"","format":"standard","meta":{"_monsterinsights_skip_tracking":false,"_monsterinsights_sitenote_active":false,"_monsterinsights_sitenote_note":"","_monsterinsights_sitenote_category":0,"footnotes":""},"categories":[8],"tags":[4048,4322,4323],"class_list":["post-10419","post","type-post","status-publish","format-standard","has-post-thumbnail","hentry","category-interes-general","tag-cancilleria","tag-la-noche-de-las-embajadas","tag-palacio-san-martin"],"_links":{"self":[{"href":"https:\/\/www.visionweb.com.ar\/index.php?rest_route=\/wp\/v2\/posts\/10419","targetHints":{"allow":["GET"]}}],"collection":[{"href":"https:\/\/www.visionweb.com.ar\/index.php?rest_route=\/wp\/v2\/posts"}],"about":[{"href":"https:\/\/www.visionweb.com.ar\/index.php?rest_route=\/wp\/v2\/types\/post"}],"author":[{"embeddable":true,"href":"https:\/\/www.visionweb.com.ar\/index.php?rest_route=\/wp\/v2\/users\/4"}],"replies":[{"embeddable":true,"href":"https:\/\/www.visionweb.com.ar\/index.php?rest_route=%2Fwp%2Fv2%2Fcomments&post=10419"}],"version-history":[{"count":1,"href":"https:\/\/www.visionweb.com.ar\/index.php?rest_route=\/wp\/v2\/posts\/10419\/revisions"}],"predecessor-version":[{"id":10421,"href":"https:\/\/www.visionweb.com.ar\/index.php?rest_route=\/wp\/v2\/posts\/10419\/revisions\/10421"}],"wp:featuredmedia":[{"embeddable":true,"href":"https:\/\/www.visionweb.com.ar\/index.php?rest_route=\/wp\/v2\/media\/10420"}],"wp:attachment":[{"href":"https:\/\/www.visionweb.com.ar\/index.php?rest_route=%2Fwp%2Fv2%2Fmedia&parent=10419"}],"wp:term":[{"taxonomy":"category","embeddable":true,"href":"https:\/\/www.visionweb.com.ar\/index.php?rest_route=%2Fwp%2Fv2%2Fcategories&post=10419"},{"taxonomy":"post_tag","embeddable":true,"href":"https:\/\/www.visionweb.com.ar\/index.php?rest_route=%2Fwp%2Fv2%2Ftags&post=10419"}],"curies":[{"name":"wp","href":"https:\/\/api.w.org\/{rel}","templated":true}]}}