{"id":10417,"date":"2023-04-25T18:47:50","date_gmt":"2023-04-25T21:47:50","guid":{"rendered":"https:\/\/www.visionweb.com.ar\/?p=10417"},"modified":"2023-04-25T18:47:50","modified_gmt":"2023-04-25T21:47:50","slug":"transporte-publico-nuevo-aumento-del-78-a-partir-del-1-de-mayo","status":"publish","type":"post","link":"https:\/\/www.visionweb.com.ar\/?p=10417","title":{"rendered":"Transporte p\u00fablico: Nuevo aumento del 7,8% a partir del \u00a01\u00b0 de mayo"},"content":{"rendered":"<p><strong><em>Otra vez colectivos, trenes y subtes del AMBA aumentar\u00e1n, en este caso con el 7,8% desde el pr\u00f3ximo lunes. Ampliar\u00e1n tambi\u00e9n el saldo negativo de la SUBE.<\/em><\/strong><!--more--><\/p>\n<p><strong> <img loading=\"lazy\" decoding=\"async\" class=\"size-medium wp-image-10020 alignright\" src=\"https:\/\/www.visionweb.com.ar\/wp-content\/uploads\/2023\/03\/colectivo-10-255x300.jpg\" alt=\"\" width=\"255\" height=\"300\" srcset=\"https:\/\/www.visionweb.com.ar\/wp-content\/uploads\/2023\/03\/colectivo-10-255x300.jpg 255w, https:\/\/www.visionweb.com.ar\/wp-content\/uploads\/2023\/03\/colectivo-10.bmp 283w\" sizes=\"auto, (max-width: 255px) 100vw, 255px\" \/>\u00a0 L<\/strong>as tarifas de colectivos, subtes y trenes que circulan por el \u00c1rea Metropolitana de Buenos Aires (AMBA) aumentar\u00e1n\u00a0<strong>desde el pr\u00f3ximo lunes 1\u00b0 de mayo <\/strong>un <strong>7<\/strong>,<strong>8%,<\/strong> cifra que supera el \u00edndice de inflaci\u00f3n de marzo 2023, con lo cual \u00a0el boleto m\u00ednimo de colectivo\u00a0pasar\u00e1 a ser de\u00a0<strong>$ 42,67<\/strong>.<\/p>\n<p>Seg\u00fan inform\u00f3 el Ministerio de Transporte,\u00a0<strong>el boleto m\u00ednimo de colectivo pasar\u00e1 de $39,59 a costar $42,57<\/strong>, mientras que las siguientes secciones subir\u00e1n a $47,55, $51,20 y $54,87.<\/p>\n<p>Por su parte, los pasajes de tren costar\u00e1n:<\/p>\n<ul>\n<li>Roca, Belgrano Sur, Urquiza y Belgrano Norte: $20,72<\/li>\n<li>Mitre, Sarmiento, San Mart\u00edn y Tren de la Costa: $26,82<\/li>\n<\/ul>\n<p>A la vez,\u00a0<strong>el boleto de subte tendr\u00e1 un valor de $67 desde el 1\u00b0 de mayo<\/strong>. Este servicio ya tiene pactado otro aumento a $74 desde el 1\u00b0 de junio, mientras que el Premetro costar\u00e1 $20 hasta junio.<\/p>\n<p>Mientras tanto, la tarjeta SUBE\u00a0<strong>se vender\u00e1 a $ 490<\/strong>\u00a0en los kioscos argentinos. Adem\u00e1s, su\u00a0comercializaci\u00f3n a nivel nacional\u00a0se har\u00e1 efectiva\u00a0<strong>a partir de mayo<\/strong>.<\/p>\n<p>Por este nuevo aumento del transporte p\u00fablico, el\u00a0<strong>saldo negativo de la tarjeta SUBE<\/strong>\u00a0se ampliar\u00e1 hasta\u00a0<strong>$ 170<\/strong>. Este monto equivale a\u00a0<strong>cuatro boletos m\u00ednimos de colectivo<\/strong>\u00a0en el \u00c1rea Metropolitana de Buenos Aires (AMBA). <strong>(VW)<\/strong><\/p>\n<p>&nbsp;<\/p>\n","protected":false},"excerpt":{"rendered":"<p>Otra vez colectivos, trenes y subtes del AMBA aumentar\u00e1n, en este caso con el 7,8% desde el pr\u00f3ximo lunes. Ampliar\u00e1n tambi\u00e9n el saldo negativo de la SUBE.<\/p>\n","protected":false},"author":4,"featured_media":10020,"comment_status":"closed","ping_status":"closed","sticky":false,"template":"","format":"standard","meta":{"_monsterinsights_skip_tracking":false,"_monsterinsights_sitenote_active":false,"_monsterinsights_sitenote_note":"","_monsterinsights_sitenote_category":0,"footnotes":""},"categories":[6],"tags":[4320,4321,2665,1673],"class_list":["post-10417","post","type-post","status-publish","format-standard","has-post-thumbnail","hentry","category-economia","tag-aumento-de-tarifas","tag-mayo","tag-tarifas-de-colectivos","tag-transporte-publico"],"_links":{"self":[{"href":"https:\/\/www.visionweb.com.ar\/index.php?rest_route=\/wp\/v2\/posts\/10417","targetHints":{"allow":["GET"]}}],"collection":[{"href":"https:\/\/www.visionweb.com.ar\/index.php?rest_route=\/wp\/v2\/posts"}],"about":[{"href":"https:\/\/www.visionweb.com.ar\/index.php?rest_route=\/wp\/v2\/types\/post"}],"author":[{"embeddable":true,"href":"https:\/\/www.visionweb.com.ar\/index.php?rest_route=\/wp\/v2\/users\/4"}],"replies":[{"embeddable":true,"href":"https:\/\/www.visionweb.com.ar\/index.php?rest_route=%2Fwp%2Fv2%2Fcomments&post=10417"}],"version-history":[{"count":1,"href":"https:\/\/www.visionweb.com.ar\/index.php?rest_route=\/wp\/v2\/posts\/10417\/revisions"}],"predecessor-version":[{"id":10418,"href":"https:\/\/www.visionweb.com.ar\/index.php?rest_route=\/wp\/v2\/posts\/10417\/revisions\/10418"}],"wp:featuredmedia":[{"embeddable":true,"href":"https:\/\/www.visionweb.com.ar\/index.php?rest_route=\/wp\/v2\/media\/10020"}],"wp:attachment":[{"href":"https:\/\/www.visionweb.com.ar\/index.php?rest_route=%2Fwp%2Fv2%2Fmedia&parent=10417"}],"wp:term":[{"taxonomy":"category","embeddable":true,"href":"https:\/\/www.visionweb.com.ar\/index.php?rest_route=%2Fwp%2Fv2%2Fcategories&post=10417"},{"taxonomy":"post_tag","embeddable":true,"href":"https:\/\/www.visionweb.com.ar\/index.php?rest_route=%2Fwp%2Fv2%2Ftags&post=10417"}],"curies":[{"name":"wp","href":"https:\/\/api.w.org\/{rel}","templated":true}]}}