{"id":10415,"date":"2023-04-25T18:12:48","date_gmt":"2023-04-25T21:12:48","guid":{"rendered":"https:\/\/www.visionweb.com.ar\/?p=10415"},"modified":"2023-04-25T18:12:48","modified_gmt":"2023-04-25T21:12:48","slug":"repercusiones-por-la-suba-record-del-blue-que-llego-a-los-497","status":"publish","type":"post","link":"https:\/\/www.visionweb.com.ar\/?p=10415","title":{"rendered":"Repercusiones por la suba r\u00e9cord del Blue, que lleg\u00f3 a los $497"},"content":{"rendered":"<p><em><strong>El presidente culp\u00f3 a la derecha. El ministro de Econom\u00eda asegur\u00f3 que acudir\u00e1 a la Justicia Penal econ\u00f3mica por la suba. Y el FMI confirm\u00f3 la renegociaci\u00f3n del acuerdo con Argentina.<\/strong><\/em><!--more--><\/p>\n<p><img loading=\"lazy\" decoding=\"async\" class=\"size-medium wp-image-9013 alignright\" src=\"https:\/\/www.visionweb.com.ar\/wp-content\/uploads\/2023\/01\/dolar3-300x206.jpg\" alt=\"\" width=\"300\" height=\"206\" srcset=\"https:\/\/www.visionweb.com.ar\/wp-content\/uploads\/2023\/01\/dolar3-300x206.jpg 300w, https:\/\/www.visionweb.com.ar\/wp-content\/uploads\/2023\/01\/dolar3.bmp 616w\" sizes=\"auto, (max-width: 300px) 100vw, 300px\" \/>\u00a0 <strong>E<\/strong>n medio de la jornada de tensi\u00f3n cambiaria donde el d\u00f3lar paralelo lleg\u00f3 a $497, el presidente Alberto Fern\u00e1ndez culp\u00f3 a la derecha por la suba del d\u00f3lar y mantuvo a Pesce como presidente del BCRA, mientras que el ministro Massa asegur\u00f3 que se utilizar\u00e1n \u00abtodas las herramientas para ordenar la situaci\u00f3n\u00bb.<\/p>\n<p><strong>El presidente Alberto Fern\u00e1ndez responsabiliz\u00f3 a la \u00abderecha argentina\u00bb por la suba del d\u00f3lar blue. \u00abVamos a tratar de educarlos\u00bb, prometi\u00f3.<\/strong><\/p>\n<p>Este martes arranc\u00f3 con un\u00a0d\u00f3lar blue\u00a0imparable, y sobre el aumento desmedido, \u00a0el presidente afirm\u00f3: \u00abLo que dice\u00a0Sergio Chodos\u00a0(director argentino ante el FMI) es absolutamente serio. <strong>Es una pr\u00e1ctica permanente de la derecha argentina.\u00a0Primero, instalan rumores a la ma\u00f1ana. Operan durante todo el d\u00eda y cuando termina la tarde, retiran su rentabilidad del mercado cambiario y lastiman de ese modo el ahorro de la mayor\u00eda de los argentinos.\u00a0Siempre han hecho lo mismo\u00bb.<\/strong><\/p>\n<p>\u00abSiempre se han ido al exterior a hablar en contra de los gobiernos populares. Y ahora lo hacen una vez m\u00e1s. \u00bfY que le piden cu\u00e1ndo se van al exterior? Que nos corten el cr\u00e9dito y que nos exijan m\u00e1s ajuste sobre el pueblo argentino. Es lo que siempre han hecho y es lo que vuelven a hacer. Esta historia que estamos viviendo la hemos vivido muchas veces\u00bb, sostuvo Fern\u00e1ndez en <strong>conferencia de prensa.<\/strong><\/p>\n<p><strong>Y agreg\u00f3: \u00abEstamos trabajando con el ministro Massa, vamos a superarlo, y\u00a0vamos a tratar de educarlos a ver si alguna vez piensan en la Argentina\u00bb.<\/strong><\/p>\n<p>Tras el mega salto del d\u00f3lar paralelo o<strong>\u00a0d\u00f3lar blue<\/strong>\u00a0este martes, el ministro de Econom\u00eda,<strong>\u00a0Sergio Massa<\/strong>, se expres\u00f3 y se\u00f1al\u00f3 que va a cambiar la discusi\u00f3n del programa con el Fondo Monetario Internacional (FMI).<\/p>\n<p><strong>\u00abHace varios d\u00edas que vivimos una situaci\u00f3n at\u00edpica de rumores, versiones, falsos informes y su consecuente impacto en los instrumentos financieros vinculados al d\u00f3lar\u00bb<\/strong>, dijo Sergio Massa este mediod\u00eda a trav\u00e9s de sus redes sociales.<\/p>\n<p>En esa l\u00ednea, el funcionario asegur\u00f3 que desde su cartera va a \u00abusar toda las herramientas del Estado para ordenar esta situaci\u00f3n y en ese sentido notificamos al FMI de las restricciones que pesaban sobre la Argentina y vamos a cambiar en la rediscusi\u00f3n del Programa\u00bb.<\/p>\n<p>El ministro de Econom\u00eda fue m\u00e1s all\u00e1 y asegur\u00f3 que adem\u00e1s de los puntos anteriores, va a<strong>\u00a0\u00abusar a la Justicia Penal econ\u00f3mica como veh\u00edculo de investigaci\u00f3n y esclarecimiento de algunos comportamientos\u00bb,\u00a0<\/strong>al tiempo que recurrir\u00e1 a la UIF y a la CNV para el an\u00e1lisis de operaciones vinculadas al lavado de dinero.<\/p>\n<p>\u00abParalelamente vamos a seguir con los acuerdos de multilaterales, exportadores con transformaci\u00f3n de exportaciones, y el acuerdo de desembolso con el FMI para refortalecer las reservas que por el impacto de la sequ\u00eda se vieron perjudicadas\u00bb, se\u00f1al\u00f3 el ministro de Econom\u00eda tras la escalada del d\u00f3lar paralelo.<\/p>\n<p>Por su parte el\u00a0Fondo Monetario Internacional (FMI)\u00a0confirm\u00f3 que\u00a0renegociar\u00e1 el programa con la Argentina para \u00abfortalecerlo\u201d tras la sequ\u00eda. Y en ese marco indicaron que \u00abel staff t\u00e9cnico contin\u00faa trabajando con las autoridades argentinas para fortalecer el programa econ\u00f3mico\u00a0acordado con el pa\u00eds en el contexto de la sequ\u00eda muy severa\u00bb.<strong> (VW)<\/strong><\/p>\n<p>&nbsp;<\/p>\n","protected":false},"excerpt":{"rendered":"<p>El presidente culp\u00f3 a la derecha. El ministro de Econom\u00eda asegur\u00f3 que acudir\u00e1 a la Justicia Penal econ\u00f3mica por la suba. Y el FMI confirm\u00f3 la renegociaci\u00f3n del acuerdo con Argentina.<\/p>\n","protected":false},"author":4,"featured_media":9013,"comment_status":"closed","ping_status":"closed","sticky":false,"template":"","format":"standard","meta":{"_monsterinsights_skip_tracking":false,"_monsterinsights_sitenote_active":false,"_monsterinsights_sitenote_note":"","_monsterinsights_sitenote_category":0,"footnotes":""},"categories":[6,4],"tags":[44,4318,4319,1008,3202],"class_list":["post-10415","post","type-post","status-publish","format-standard","has-post-thumbnail","hentry","category-economia","category-politica","tag-alberto-fernandez","tag-dolar-blue-record","tag-escalada-del-dolar","tag-fmi","tag-sergio-massa"],"_links":{"self":[{"href":"https:\/\/www.visionweb.com.ar\/index.php?rest_route=\/wp\/v2\/posts\/10415","targetHints":{"allow":["GET"]}}],"collection":[{"href":"https:\/\/www.visionweb.com.ar\/index.php?rest_route=\/wp\/v2\/posts"}],"about":[{"href":"https:\/\/www.visionweb.com.ar\/index.php?rest_route=\/wp\/v2\/types\/post"}],"author":[{"embeddable":true,"href":"https:\/\/www.visionweb.com.ar\/index.php?rest_route=\/wp\/v2\/users\/4"}],"replies":[{"embeddable":true,"href":"https:\/\/www.visionweb.com.ar\/index.php?rest_route=%2Fwp%2Fv2%2Fcomments&post=10415"}],"version-history":[{"count":1,"href":"https:\/\/www.visionweb.com.ar\/index.php?rest_route=\/wp\/v2\/posts\/10415\/revisions"}],"predecessor-version":[{"id":10416,"href":"https:\/\/www.visionweb.com.ar\/index.php?rest_route=\/wp\/v2\/posts\/10415\/revisions\/10416"}],"wp:featuredmedia":[{"embeddable":true,"href":"https:\/\/www.visionweb.com.ar\/index.php?rest_route=\/wp\/v2\/media\/9013"}],"wp:attachment":[{"href":"https:\/\/www.visionweb.com.ar\/index.php?rest_route=%2Fwp%2Fv2%2Fmedia&parent=10415"}],"wp:term":[{"taxonomy":"category","embeddable":true,"href":"https:\/\/www.visionweb.com.ar\/index.php?rest_route=%2Fwp%2Fv2%2Fcategories&post=10415"},{"taxonomy":"post_tag","embeddable":true,"href":"https:\/\/www.visionweb.com.ar\/index.php?rest_route=%2Fwp%2Fv2%2Ftags&post=10415"}],"curies":[{"name":"wp","href":"https:\/\/api.w.org\/{rel}","templated":true}]}}