{"id":10413,"date":"2023-04-25T08:45:19","date_gmt":"2023-04-25T11:45:19","guid":{"rendered":"https:\/\/www.visionweb.com.ar\/?p=10413"},"modified":"2023-04-25T08:45:19","modified_gmt":"2023-04-25T11:45:19","slug":"salarios-provincia-convoco-a-docentes-y-estatales-para-revisar-la-paritaria","status":"publish","type":"post","link":"https:\/\/www.visionweb.com.ar\/?p=10413","title":{"rendered":"Salarios: Provincia convoc\u00f3 a docentes y estatales para revisar la paritaria"},"content":{"rendered":"<p><strong><em>Tras reclamos presentados por UPCN, ATE y Fegeppba, tambi\u00e9n de docentes, el Gobierno de Kicillof los cit\u00f3 para el 2 de mayo.<\/em><\/strong><!--more--><\/p>\n<div id=\"attachment_8493\" style=\"width: 310px\" class=\"wp-caption alignright\"><img loading=\"lazy\" decoding=\"async\" aria-describedby=\"caption-attachment-8493\" class=\"wp-image-8493 size-medium\" src=\"https:\/\/www.visionweb.com.ar\/wp-content\/uploads\/2022\/12\/Docentes-partirarias-22-300x145.png\" alt=\"\" width=\"300\" height=\"145\" srcset=\"https:\/\/www.visionweb.com.ar\/wp-content\/uploads\/2022\/12\/Docentes-partirarias-22-300x145.png 300w, https:\/\/www.visionweb.com.ar\/wp-content\/uploads\/2022\/12\/Docentes-partirarias-22-768x372.png 768w, https:\/\/www.visionweb.com.ar\/wp-content\/uploads\/2022\/12\/Docentes-partirarias-22.png 839w\" sizes=\"auto, (max-width: 300px) 100vw, 300px\" \/><p id=\"caption-attachment-8493\" class=\"wp-caption-text\">Los gremios docentes ser\u00e1n recibidos por autoridades de la Provincia el 2 de mayo<\/p><\/div>\n<p><strong>L<\/strong>os gremios docentes estatales que representan a los trabajadores enmarcados en la ley 10.430 ser\u00e1n recibidos por autoridades del Gobierno bonaerense\u00a0 el pr\u00f3ximo 2 de mayo, con el objetivo de rever el acuerdo salarial firmado en febrero pasado.<\/p>\n<p>Los gremios\u00a0 UPCN, ATE y la Federaci\u00f3n de Gremios Estatales y Particulares de la Provincia (Fegeppba), en los \u00faltimos d\u00edas presentaron distintas propuestas al Ministerio de Trabajo bonaerense para solicitar la reapertura de las negociaciones en el sector. Tambi\u00e9n el pedido hab\u00eda sido hecho por el Frente de Unidad Docente (FUDB).<\/p>\n<p>Frente a esto, la administraci\u00f3n bonaerense los convoc\u00f3 para el martes 2 de mayo, en medio de una inflaci\u00f3n que parece no encontrar techo y licua los aumentos salariales otorgados. \u201cEntendiendo que la elevada inflaci\u00f3n super\u00f3 los acuerdos realizados y los salarios empezaban a perder a mano de la misma. El aumento acordado qued\u00f3 corto por el aumento constante de precios\u201d, sostuvo secretario general de ATE provincia de Buenos Aires, Oscar de Isasi, que valor\u00f3 la convocatoria del Gobierno.<\/p>\n<p>Seg\u00fan pudo saber DIB, de acuerdo a diferentes fuentes sindicales, los gremios y la Provincia vienen manteniendo di\u00e1logos. \u201cNecesitamos readecuar los porcentajes acordados, de tal manera que est\u00e9n por encima del proceso inflacionario\u201d, agreg\u00f3 De Isasi.<\/p>\n<p>En tanto, el FUDB -integrado por AMET, FEB, Sadop, Suteba y Udocba- hab\u00eda manifestado en su pedido al Gobierno \u201cque convoque con car\u00e1cter de urgente a la mesa t\u00e9cnica salarial a los efectos de activar la cl\u00e1usula de seguimiento y revisi\u00f3n del acuerdo salarial de febrero 2023 para esta primera mitad del a\u00f1o\u201d.<\/p>\n<p>\u201cEl fuerte incremento de precios debido a las condiciones inflacionarias de la econom\u00eda est\u00e1 impactando con dureza en el poder adquisitivo de los trabajadores y las trabajadoras docentes\u201d, manifest\u00f3 la entidad a trav\u00e9s de un comunicado. La organizaci\u00f3n indic\u00f3 que la solicitud se enmarcaba \u201cen el reconocimiento del cumplimiento que el gobierno de la provincia de Buenos Aires viene realizando, de forma efectiva y puntual, en la aplicaci\u00f3n de la cl\u00e1usula de actualizaci\u00f3n y revisi\u00f3n del salario\u201d.<\/p>\n<p>El febrero el Gobierno y los gremios estatales hab\u00edan acordado un incremento promedio en tres tramos de 20% en marzo, 6% en mayo y 14% en julio (totalizando un 40% en los primeros siete meses del a\u00f1o). El acuerdo incluy\u00f3 una cl\u00e1usula de revisi\u00f3n en mayo, y el compromiso del gobierno provincial de reabrir la negociaci\u00f3n en agosto(VW\/DIB).<\/p>\n","protected":false},"excerpt":{"rendered":"<p>Tras reclamos presentados por UPCN, ATE y Fegeppba, tambi\u00e9n de docentes, el Gobierno de Kicillof los cit\u00f3 para el 2 de mayo.<\/p>\n","protected":false},"author":3,"featured_media":8493,"comment_status":"closed","ping_status":"closed","sticky":false,"template":"","format":"standard","meta":{"_monsterinsights_skip_tracking":false,"_monsterinsights_sitenote_active":false,"_monsterinsights_sitenote_note":"","_monsterinsights_sitenote_category":0,"footnotes":""},"categories":[7],"tags":[876,410,2820,56],"class_list":["post-10413","post","type-post","status-publish","format-standard","has-post-thumbnail","hentry","category-educacion-y-cultura","tag-convocatoria","tag-docentes","tag-gobernacion","tag-salarios"],"_links":{"self":[{"href":"https:\/\/www.visionweb.com.ar\/index.php?rest_route=\/wp\/v2\/posts\/10413","targetHints":{"allow":["GET"]}}],"collection":[{"href":"https:\/\/www.visionweb.com.ar\/index.php?rest_route=\/wp\/v2\/posts"}],"about":[{"href":"https:\/\/www.visionweb.com.ar\/index.php?rest_route=\/wp\/v2\/types\/post"}],"author":[{"embeddable":true,"href":"https:\/\/www.visionweb.com.ar\/index.php?rest_route=\/wp\/v2\/users\/3"}],"replies":[{"embeddable":true,"href":"https:\/\/www.visionweb.com.ar\/index.php?rest_route=%2Fwp%2Fv2%2Fcomments&post=10413"}],"version-history":[{"count":1,"href":"https:\/\/www.visionweb.com.ar\/index.php?rest_route=\/wp\/v2\/posts\/10413\/revisions"}],"predecessor-version":[{"id":10414,"href":"https:\/\/www.visionweb.com.ar\/index.php?rest_route=\/wp\/v2\/posts\/10413\/revisions\/10414"}],"wp:featuredmedia":[{"embeddable":true,"href":"https:\/\/www.visionweb.com.ar\/index.php?rest_route=\/wp\/v2\/media\/8493"}],"wp:attachment":[{"href":"https:\/\/www.visionweb.com.ar\/index.php?rest_route=%2Fwp%2Fv2%2Fmedia&parent=10413"}],"wp:term":[{"taxonomy":"category","embeddable":true,"href":"https:\/\/www.visionweb.com.ar\/index.php?rest_route=%2Fwp%2Fv2%2Fcategories&post=10413"},{"taxonomy":"post_tag","embeddable":true,"href":"https:\/\/www.visionweb.com.ar\/index.php?rest_route=%2Fwp%2Fv2%2Ftags&post=10413"}],"curies":[{"name":"wp","href":"https:\/\/api.w.org\/{rel}","templated":true}]}}