{"id":10406,"date":"2023-04-24T13:27:40","date_gmt":"2023-04-24T16:27:40","guid":{"rendered":"https:\/\/www.visionweb.com.ar\/?p=10406"},"modified":"2023-04-24T13:37:02","modified_gmt":"2023-04-24T16:37:02","slug":"pasion-por-la-lectura-ayer-se-celebro-el-dia-del-libro-y-este-jueves-proximo-arranca-la-feria-2023-en-la-rural","status":"publish","type":"post","link":"https:\/\/www.visionweb.com.ar\/?p=10406","title":{"rendered":"Pasi\u00f3n por la lectura: Despu\u00e9s del D\u00eda del libro, arranca la Feria 2023 en La Rural"},"content":{"rendered":"<p><em><strong>La edici\u00f3n N\u00b047 del evento literario m\u00e1s importante del a\u00f1o se realizar\u00e1 en La Rural y durar\u00e1 20 d\u00edas. El evento concuerda con el centenario del primer libro de poemas de Jorge Luis Borges:\u00a0Fervor de Buenos Aires.<\/strong><\/em><!--more--><\/p>\n<p><strong><img loading=\"lazy\" decoding=\"async\" class=\"size-full wp-image-10407 alignright\" src=\"https:\/\/www.visionweb.com.ar\/wp-content\/uploads\/2023\/04\/libros.png\" alt=\"\" width=\"275\" height=\"183\" \/>\u00a0\u00a0 C<\/strong>ada<strong>\u00a023 de abril<\/strong>\u00a0se celebra el\u00a0<strong>D\u00eda Mundial del Libro y del Derecho de Autor<\/strong>, fecha implementada por la UNESCO, con la finalidad de reafirmar el compromiso con la promoci\u00f3n de la lectura y celebrar en todo el mundo el poder m\u00e1gico de los libros.<\/p>\n<p>Durante esta celebraci\u00f3n se intenta\u00a0<strong>rendir homenaje a los libros y a los autores, adem\u00e1s de fomentar el acceso a la lectura para el mayor n\u00famero posible de personas<\/strong>\u00a0y dar a conocer el derecho de la propiedad intelectual para el autor de su propia obra literaria.<\/p>\n<p>En esa l\u00ednea, esta semana arrancar\u00e1 la<strong> edici\u00f3n 47 de la Feria Internacional del Libro en Buenos Aires, que comenzar\u00e1 el 27 de abril y se extender\u00e1 hasta el 15 de mayo en el predio de La Rural de Palermo<\/strong>.<\/p>\n<p>La conferencia inaugural la brindar\u00e1 el escritor\u00a0<strong>Mart\u00edn Kohan<\/strong>\u00a0a partir de las 18.00. El evento tendr\u00e1 lugar en un contexto de elecciones presidenciales, la celebraci\u00f3n de los 40 a\u00f1os de la Democracia y el aniversario 100 del primer libro de poemas de Jorge Luis Borges:<strong>\u00a0Fervor de Buenos Aires.<\/strong><\/p>\n<p><strong>En esta edici\u00f3n habr\u00e1 alrededor de 500 stands, participar\u00e1n m\u00e1s de 1500 expositores y contar\u00e1n con 12 salas para que el p\u00fablico asista a las diferentes actividades<\/strong>\u00a0especiales que tendr\u00e1 la Feria.<\/p>\n<p>Una de las grandes novedades de este a\u00f1o es\u00a0<strong>la incorporaci\u00f3n de una sala que llevar\u00e1 el nombre de Horacio Gonz\u00e1lez<\/strong>, uno de los referentes intelectuales m\u00e1s importantes de la Argentina.<\/p>\n<p><strong>Santiago de Chile ser\u00e1 la ciudad invitada de honor este a\u00f1o<\/strong>, y su objetivo ser\u00e1 brindar un contenido cultural \u00abespecial, rico y distintivo\u00bb y as\u00ed apoyar al fortalecimiento comercial entre ambas industrias editoriales.<\/p>\n<p><strong><img loading=\"lazy\" decoding=\"async\" class=\"size-full wp-image-10408 alignleft\" src=\"https:\/\/www.visionweb.com.ar\/wp-content\/uploads\/2023\/04\/feria-del-libro.png\" alt=\"\" width=\"259\" height=\"194\" \/>D\u00edas y horarios:<\/strong><\/p>\n<ul>\n<li>Lunes a viernes: de 14:00 a 22:00.<\/li>\n<li>S\u00e1bado, domingo y feriados: de 13:00 a 22:00.<\/li>\n<li>S\u00e1bados, domingos y lunes 1\u00ba de mayo de 13:00 a 22:00.<\/li>\n<li>S\u00e1bado 29 de abril. Por celebrarse la Noche de la Feria el horario ser\u00e1 de 13:00 a 24:00.<\/li>\n<\/ul>\n<p><strong>Qui\u00e9nes pueden participar:<\/strong><\/p>\n<ul>\n<li>Editores<\/li>\n<li>Libreros<\/li>\n<li>Distribuidores<\/li>\n<li>Agentes literarios<\/li>\n<li>Ilustradores<\/li>\n<li>Bibliotecarios<\/li>\n<li>Dise\u00f1adores<\/li>\n<li>Traductores<\/li>\n<\/ul>\n<p><strong>Cu\u00e1nto cuestan las entradas:<\/strong><\/p>\n<ul>\n<li>Lunes a jueves (excepto 1. \u00b0 de mayo): $ 800.<\/li>\n<li>Viernes, s\u00e1bados, domingos y feriado:\u00a0$ 1200.<\/li>\n<li>Pase tres visitas:\u00a0$ 1800 (exclusivo venta online). El pase es personal e intransferible, permite una \u00fanica visita por d\u00eda a la Feria.<\/li>\n<\/ul>\n<p>Las entradas se podr\u00e1n comprar online en la web oficial de la Feria o a partir del 27 de este mes en las boleter\u00edas.<\/p>\n<p><strong>Qui\u00e9nes entran gratis:<\/strong><\/p>\n<ul>\n<li><strong>Todos los d\u00edas:<\/strong>\u00a0menores de hasta 12 a\u00f1os inclusive, visitas escolares y personas con discapacidad.<\/li>\n<li><strong>Todos los d\u00edas para docentes:<\/strong>\u00a0deber\u00e1n presentar recibo de sueldo o comprobante que acredite condici\u00f3n.<\/li>\n<li><strong>Lunes a viernes:\u00a0<\/strong>estudiantes, <strong>jubilados<\/strong> y <strong>pensionados<\/strong>. En todos los casos es necesario presentar comprobante que acredite condici\u00f3n.<\/li>\n<li><strong>S\u00e1bado 29 de abril, Noche de la Feria:<\/strong>\u00a0ingreso libre a partir de las 20:00. <strong>(VW)<\/strong><\/li>\n<\/ul>\n<p>&nbsp;<\/p>\n<p>&nbsp;<\/p>\n<p>&nbsp;<\/p>\n<p>&nbsp;<\/p>\n","protected":false},"excerpt":{"rendered":"<p>La edici\u00f3n N\u00b047 del evento literario m\u00e1s importante del a\u00f1o se realizar\u00e1 en La Rural y durar\u00e1 20 d\u00edas. El evento concuerda con el centenario del primer libro de poemas de Jorge Luis Borges:\u00a0Fervor&#46;&#46;&#46;<\/p>\n","protected":false},"author":4,"featured_media":10408,"comment_status":"closed","ping_status":"closed","sticky":false,"template":"","format":"standard","meta":{"_monsterinsights_skip_tracking":false,"_monsterinsights_sitenote_active":false,"_monsterinsights_sitenote_note":"","_monsterinsights_sitenote_category":0,"footnotes":""},"categories":[8],"tags":[4317,4315,4316,2176],"class_list":["post-10406","post","type-post","status-publish","format-standard","has-post-thumbnail","hentry","category-interes-general","tag-47-edicion","tag-dia-del-libro","tag-feria-del-libro-2023","tag-la-rural"],"_links":{"self":[{"href":"https:\/\/www.visionweb.com.ar\/index.php?rest_route=\/wp\/v2\/posts\/10406","targetHints":{"allow":["GET"]}}],"collection":[{"href":"https:\/\/www.visionweb.com.ar\/index.php?rest_route=\/wp\/v2\/posts"}],"about":[{"href":"https:\/\/www.visionweb.com.ar\/index.php?rest_route=\/wp\/v2\/types\/post"}],"author":[{"embeddable":true,"href":"https:\/\/www.visionweb.com.ar\/index.php?rest_route=\/wp\/v2\/users\/4"}],"replies":[{"embeddable":true,"href":"https:\/\/www.visionweb.com.ar\/index.php?rest_route=%2Fwp%2Fv2%2Fcomments&post=10406"}],"version-history":[{"count":3,"href":"https:\/\/www.visionweb.com.ar\/index.php?rest_route=\/wp\/v2\/posts\/10406\/revisions"}],"predecessor-version":[{"id":10411,"href":"https:\/\/www.visionweb.com.ar\/index.php?rest_route=\/wp\/v2\/posts\/10406\/revisions\/10411"}],"wp:featuredmedia":[{"embeddable":true,"href":"https:\/\/www.visionweb.com.ar\/index.php?rest_route=\/wp\/v2\/media\/10408"}],"wp:attachment":[{"href":"https:\/\/www.visionweb.com.ar\/index.php?rest_route=%2Fwp%2Fv2%2Fmedia&parent=10406"}],"wp:term":[{"taxonomy":"category","embeddable":true,"href":"https:\/\/www.visionweb.com.ar\/index.php?rest_route=%2Fwp%2Fv2%2Fcategories&post=10406"},{"taxonomy":"post_tag","embeddable":true,"href":"https:\/\/www.visionweb.com.ar\/index.php?rest_route=%2Fwp%2Fv2%2Ftags&post=10406"}],"curies":[{"name":"wp","href":"https:\/\/api.w.org\/{rel}","templated":true}]}}