{"id":10403,"date":"2023-04-24T12:39:22","date_gmt":"2023-04-24T15:39:22","guid":{"rendered":"https:\/\/www.visionweb.com.ar\/?p=10403"},"modified":"2023-04-24T12:39:22","modified_gmt":"2023-04-24T15:39:22","slug":"conflicto-fleteros-cortan-rutas-accesos-claves-y-paran-los-puertos-bonaerenses","status":"publish","type":"post","link":"https:\/\/www.visionweb.com.ar\/?p=10403","title":{"rendered":"Conflicto: Fleteros cortan rutas, accesos claves, y paran los puertos bonaerenses"},"content":{"rendered":"<p><em><strong>A las 0 horas de hoy comenz\u00f3 un paro y hay manifestaciones en 14 puntos clave del transporte de cargas, como los puertos de Bah\u00eda Blanca, Dock Sud, Quequ\u00e9n, Campana, y Buenos Aires, entre otros.<\/strong><\/em><!--more--><\/p>\n<p><strong>\u00a0 <img loading=\"lazy\" decoding=\"async\" class=\"size-full wp-image-10404 alignright\" src=\"https:\/\/www.visionweb.com.ar\/wp-content\/uploads\/2023\/04\/fleteros-cortes.png\" alt=\"\" width=\"295\" height=\"171\" \/>\u00a0 E<\/strong>l Sindicato \u00danico de Fleteros de la Rep\u00fablica Argentina (<strong>SIUNFLETRA<\/strong>) realiza hoy una fuerte medida de fuerza de 24 horas, que incluye cortes de tr\u00e1nsito en diferentes puntos de la provincia de Buenos Aires, con complicaciones en los accesos a las grandes ciudades y a los puertos.<\/p>\n<p>Bajo la consigna\u00a0<strong>\u201cEl transporte de cargas est\u00e1 en emergencia\u201d<\/strong>\u00a0el gremio presenta reclamos por la baja en las tarifas y la falta de control a lo que llaman \u00abcompetencia desleal\u00bb, entre otros puntos.<\/p>\n<p>En ese marco, el secretario general de SIUNFLETRA,\u00a0Mario Pereyra, detall\u00f3: \u201cNuestro sindicato viene planteando desde hace meses que el transporte de cargas terrestre est\u00e1 en emergencia, entre otros temas por las bajas tarifas que se negocian y por la ausencia del control estatal para regular la competencia desleal. Hicimos los reclamos pertinentes y ante la falta de soluciones llevaremos adelante esta medida de fuerza\u201d.<\/p>\n<p>El gremialista adelant\u00f3 que hoy\u00a0<strong>\u201chabr\u00e1 compa\u00f1eros en los accesos a los puertos, autopistas y principales accesos para informar sobre nuestros reclamos\u201d.<\/strong><\/p>\n<p>Cabe mencionar que este gremio representa a los propietarios de veh\u00edculos de cargas que prestan el servicio de fletes en las ramas cereal y fertilizantes, puerto, cargas generales, correo, l\u00e1ctea, gaseosas, expresos y mudanzas.<\/p>\n<p>Desde la rama cereal y fertilizantes, por ejemplo, reclaman:<\/p>\n<ul>\n<li>mejores tarifas.<\/li>\n<li>mayor participaci\u00f3n sindical en la mesa donde se discuten las mismas.<\/li>\n<li>un Estado presente que garantice que las tarifas acordadas se paguen efectivamente.<\/li>\n<li>se proponen cambios a la Carta de Porte para que la AFIP garantice la trazabilidad de los viajes.<\/li>\n<\/ul>\n<p>\u201cLa <strong>falta<\/strong> <strong>de<\/strong> <strong>rentabilidad<\/strong> del sector impide que los choferes est\u00e9n normalizados ante el Ministerio de Trabajo y que se cumpla con todos los requisitos legales para circular como transporte de cargas.\u00a0<strong>El Estado debe garantizar tarifas que cubran los costos operativos y brinden rentabilidad al sector\u201d<\/strong>, aclar\u00f3 Pereyra.<\/p>\n<p><strong>Uno por uno, los puntos donde se realizar\u00e1n las medidas de fuerza.\u00a0<\/strong>El gremio aclar\u00f3 que los lugares donde habr\u00e1 manifestaciones y presencia sindical son los siguientes:<\/p>\n<ul>\n<li>Puerto de Bah\u00eda Blanca: Ruta 3 y 252 (El tri\u00e1ngulo) &#8211; Ruta 3 y Av. 18 de Julio (Acceso al Polo Industrial).<\/li>\n<li>Puerto de Necochea\/Quequ\u00e9n: Ruta 88 y circunvalaci\u00f3n &#8211; Ruta 227 y circunvalaci\u00f3n.<\/li>\n<li>Puerto Z\u00e1rate.<\/li>\n<li>Puerto Campana.<\/li>\n<li>Puerto Lima.<\/li>\n<li>Puerto Dock Sud.<\/li>\n<li>Puerto de Buenos Aires.<\/li>\n<li>Jun\u00edn: Ruta 7 y Ruta 65 &#8211; Ruta 188 y Ruta 65.<\/li>\n<li>Roca: Rotonda de Ruta 188.<\/li>\n<li>Tres Arroyos: Ruta 3.<\/li>\n<li>Rojas: Ruta 188 y Ruta 31.<\/li>\n<li>Correo Oficial de la Rep\u00fablica Argentina.<\/li>\n<li>Exolog\u00edstica.<\/li>\n<li>Empresa Rodo.<\/li>\n<\/ul>\n<p>Ante esta medida de fuerza, el ministro de Transporte de la Naci\u00f3n, Diego Giuliano, recibi\u00f3 a los representantes de las c\u00e1maras del sector, y seg\u00fan se inform\u00f3 oficialmente, el encuentro sirvi\u00f3 para crear una mesa de trabajo que se reunir\u00e1 una vez por semana para abordar las distintas problem\u00e1ticas que afectan al transporte de cargas. <strong>(VW)<\/strong><\/p>\n<p>&nbsp;<\/p>\n","protected":false},"excerpt":{"rendered":"<p>A las 0 horas de hoy comenz\u00f3 un paro y hay manifestaciones en 14 puntos clave del transporte de cargas, como los puertos de Bah\u00eda Blanca, Dock Sud, Quequ\u00e9n, Campana, y Buenos Aires, entre&#46;&#46;&#46;<\/p>\n","protected":false},"author":4,"featured_media":10404,"comment_status":"closed","ping_status":"closed","sticky":false,"template":"","format":"standard","meta":{"_monsterinsights_skip_tracking":false,"_monsterinsights_sitenote_active":false,"_monsterinsights_sitenote_note":"","_monsterinsights_sitenote_category":0,"footnotes":""},"categories":[8,4],"tags":[277,4312,4313,4314],"class_list":["post-10403","post","type-post","status-publish","format-standard","has-post-thumbnail","hentry","category-interes-general","category-politica","tag-cortes","tag-fleteros","tag-puertos-bonaerenses","tag-siunfletra"],"_links":{"self":[{"href":"https:\/\/www.visionweb.com.ar\/index.php?rest_route=\/wp\/v2\/posts\/10403","targetHints":{"allow":["GET"]}}],"collection":[{"href":"https:\/\/www.visionweb.com.ar\/index.php?rest_route=\/wp\/v2\/posts"}],"about":[{"href":"https:\/\/www.visionweb.com.ar\/index.php?rest_route=\/wp\/v2\/types\/post"}],"author":[{"embeddable":true,"href":"https:\/\/www.visionweb.com.ar\/index.php?rest_route=\/wp\/v2\/users\/4"}],"replies":[{"embeddable":true,"href":"https:\/\/www.visionweb.com.ar\/index.php?rest_route=%2Fwp%2Fv2%2Fcomments&post=10403"}],"version-history":[{"count":1,"href":"https:\/\/www.visionweb.com.ar\/index.php?rest_route=\/wp\/v2\/posts\/10403\/revisions"}],"predecessor-version":[{"id":10405,"href":"https:\/\/www.visionweb.com.ar\/index.php?rest_route=\/wp\/v2\/posts\/10403\/revisions\/10405"}],"wp:featuredmedia":[{"embeddable":true,"href":"https:\/\/www.visionweb.com.ar\/index.php?rest_route=\/wp\/v2\/media\/10404"}],"wp:attachment":[{"href":"https:\/\/www.visionweb.com.ar\/index.php?rest_route=%2Fwp%2Fv2%2Fmedia&parent=10403"}],"wp:term":[{"taxonomy":"category","embeddable":true,"href":"https:\/\/www.visionweb.com.ar\/index.php?rest_route=%2Fwp%2Fv2%2Fcategories&post=10403"},{"taxonomy":"post_tag","embeddable":true,"href":"https:\/\/www.visionweb.com.ar\/index.php?rest_route=%2Fwp%2Fv2%2Ftags&post=10403"}],"curies":[{"name":"wp","href":"https:\/\/api.w.org\/{rel}","templated":true}]}}