{"id":10390,"date":"2023-04-24T08:42:05","date_gmt":"2023-04-24T11:42:05","guid":{"rendered":"https:\/\/www.visionweb.com.ar\/?p=10390"},"modified":"2023-04-24T08:42:05","modified_gmt":"2023-04-24T11:42:05","slug":"diego-valenzuela-pidio-candidato-unico-y-dijo-que-es-el-mas-instalado","status":"publish","type":"post","link":"https:\/\/www.visionweb.com.ar\/?p=10390","title":{"rendered":"Diego Valenzuela pidi\u00f3 \u201ccandidato \u00fanico\u201d y dijo que es \u201cel m\u00e1s instalado\u201d"},"content":{"rendered":"<p><em><strong>El intendente de Tres de Febrero analiz\u00f3 el escenario electoral bonaerense. De igual modo, el jefe comunal de Campana, Sebasti\u00e1n Abella, recibi\u00f3 a Santilli y dijo que ser\u00e1 \u00abel pr\u00f3ximo Gobernador\u00bb.<\/strong><\/em><!--more--><\/p>\n<p><img loading=\"lazy\" decoding=\"async\" class=\"size-medium wp-image-10391 alignright\" src=\"https:\/\/www.visionweb.com.ar\/wp-content\/uploads\/2023\/04\/SANTILLI-Y-VALENZUELA-300x216.png\" alt=\"\" width=\"300\" height=\"216\" srcset=\"https:\/\/www.visionweb.com.ar\/wp-content\/uploads\/2023\/04\/SANTILLI-Y-VALENZUELA-300x216.png 300w, https:\/\/www.visionweb.com.ar\/wp-content\/uploads\/2023\/04\/SANTILLI-Y-VALENZUELA.png 640w\" sizes=\"auto, (max-width: 300px) 100vw, 300px\" \/>El intendente de Tres de Febrero, Diego Valenzuela, uno de los referentes m\u00e1s importantes de Juntos por el Cambio en la provincia de Buenos Aires, asegur\u00f3 que \u201cdeber\u00eda haber un solo candidato a Gobernador\u201d en el espacio y se\u00f1al\u00f3 que \u201cel m\u00e1s instalado\u201d es Diego Santilli.<\/p>\n<p>\u201cEso ser\u00eda lo deseable, pero s\u00e9 que no es f\u00e1cil, pero digo lo que a m\u00ed me parece que deber\u00eda ser lo m\u00e1s efectivo para ganarle al kirchnerismo. \u00bfPor qu\u00e9? Porque Axel Kicillof tiene un piso electoral, como todo gobernador peronista o del Frente de Todos, m\u00e1s del Frente de Todos que peronista, kirchnerista, y si hay algunas voces peronistas no hablan es porque les conviene no hablar, porque la oferta electoral saben que quien los puede llevar a destino es Kicillof\u201d, expres\u00f3 Valenzuela.<\/p>\n<p>\u201cEn la provincia el m\u00e1s instalado es Diego Santilli, pero hay un muy buen equipo. N\u00e9stor Grindetti en Lan\u00fas hizo un gran trabajo. Javier Iguacel, (intendente de Capit\u00e1n Sarmiento) en un distrito m\u00e1s peque\u00f1o y rural, tuvo la audacia de la baja de impuestos y de tasas y, adem\u00e1s es el denunciante del tema Vialidad\u201d, analiz\u00f3 el jefe comunal, en declaraciones publicadas por los portales de noticias.<\/p>\n<p>Por su parte, el intendente de Campana, Sebasti\u00e1n Abella, recibi\u00f3 la visita del diputado Santilli, con quien convers\u00f3 sobre el armado electoral de Juntos por el Cambio y el programa de gobierno 2023-27.<\/p>\n<p>\u201cCampana es una ciudad que necesita tener un gobernador presente, un gobernador que acompa\u00f1e; en esto el gobernador Kicillof no ha sido eficiente con nuestra ciudad. Este planteo le hemos hecho al \u2018Colo\u2019 porque entendemos que va a ser el pr\u00f3ximo gobernador de la provincia de Buenos Aires y ya tiene en carpeta todo lo que necesita la ciudad de Campana para crecer de la mano de \u00e9l\u201d, afirm\u00f3 el jefe comunal.<\/p>\n<p>Consultado sobre el escenario de PASO en Juntos por el Cambio, Santilli afirm\u00f3: \u201cSiempre digo que soy un hombre de competencia. Todo lo que me ha tocado estar ha sido por competencia. En 2021 tuvimos una competencia muy sana y propositiva con Facundo Manes y el radicalismo. Y este a\u00f1o compito de cualquier manera\u201d.<\/p>\n<p>En esa l\u00ednea, precis\u00f3: \u201cTenemos una PASO por delante para definir liderazgos y candidaturas que vienen por presidente, gobernador, intendente y legisladores. Hay que concentrar la campa\u00f1a en los planes\u00a0 y la gesti\u00f3n, los proyectos de\u00a0 transformaci\u00f3n para generar trabajo y aumentar la capacidad productiva de la provincia. Mi apuesta es que sea una PASO con reglas claras que nos potencie como espacio porque nuestro adversario es el kirchnerismo y el populismo\u201d, concluy\u00f3 Santilli <strong>(VW)<\/strong>.<\/p>\n","protected":false},"excerpt":{"rendered":"<p>El intendente de Tres de Febrero analiz\u00f3 el escenario electoral bonaerense. De igual modo, el jefe comunal de Campana, Sebasti\u00e1n Abella, recibi\u00f3 a Santilli y dijo que ser\u00e1 \u00abel pr\u00f3ximo Gobernador\u00bb.<\/p>\n","protected":false},"author":3,"featured_media":10391,"comment_status":"closed","ping_status":"closed","sticky":false,"template":"","format":"standard","meta":{"_monsterinsights_skip_tracking":false,"_monsterinsights_sitenote_active":false,"_monsterinsights_sitenote_note":"","_monsterinsights_sitenote_category":0,"footnotes":""},"categories":[4],"tags":[587,4309,2792],"class_list":["post-10390","post","type-post","status-publish","format-standard","has-post-thumbnail","hentry","category-politica","tag-gobernador","tag-saqntilli","tag-valenzuela"],"_links":{"self":[{"href":"https:\/\/www.visionweb.com.ar\/index.php?rest_route=\/wp\/v2\/posts\/10390","targetHints":{"allow":["GET"]}}],"collection":[{"href":"https:\/\/www.visionweb.com.ar\/index.php?rest_route=\/wp\/v2\/posts"}],"about":[{"href":"https:\/\/www.visionweb.com.ar\/index.php?rest_route=\/wp\/v2\/types\/post"}],"author":[{"embeddable":true,"href":"https:\/\/www.visionweb.com.ar\/index.php?rest_route=\/wp\/v2\/users\/3"}],"replies":[{"embeddable":true,"href":"https:\/\/www.visionweb.com.ar\/index.php?rest_route=%2Fwp%2Fv2%2Fcomments&post=10390"}],"version-history":[{"count":1,"href":"https:\/\/www.visionweb.com.ar\/index.php?rest_route=\/wp\/v2\/posts\/10390\/revisions"}],"predecessor-version":[{"id":10392,"href":"https:\/\/www.visionweb.com.ar\/index.php?rest_route=\/wp\/v2\/posts\/10390\/revisions\/10392"}],"wp:featuredmedia":[{"embeddable":true,"href":"https:\/\/www.visionweb.com.ar\/index.php?rest_route=\/wp\/v2\/media\/10391"}],"wp:attachment":[{"href":"https:\/\/www.visionweb.com.ar\/index.php?rest_route=%2Fwp%2Fv2%2Fmedia&parent=10390"}],"wp:term":[{"taxonomy":"category","embeddable":true,"href":"https:\/\/www.visionweb.com.ar\/index.php?rest_route=%2Fwp%2Fv2%2Fcategories&post=10390"},{"taxonomy":"post_tag","embeddable":true,"href":"https:\/\/www.visionweb.com.ar\/index.php?rest_route=%2Fwp%2Fv2%2Ftags&post=10390"}],"curies":[{"name":"wp","href":"https:\/\/api.w.org\/{rel}","templated":true}]}}