{"id":10387,"date":"2023-04-24T08:18:58","date_gmt":"2023-04-24T11:18:58","guid":{"rendered":"https:\/\/www.visionweb.com.ar\/?p=10387"},"modified":"2023-04-24T08:18:58","modified_gmt":"2023-04-24T11:18:58","slug":"avellaneda-los-bomberos-de-echenagucia-celebraron-su-centenario","status":"publish","type":"post","link":"https:\/\/www.visionweb.com.ar\/?p=10387","title":{"rendered":"Avellaneda: Los Bomberos de Echenaguc\u00eda celebraron su centenario"},"content":{"rendered":"<p><em><strong>Del desfile, que fue acompa\u00f1ado por muchos vecinos, estuvieron representados una gran cantidad de destacamentos de bomberos de cuarteles bonaerense.<\/strong><\/em><!--more--><\/p>\n<div id=\"attachment_10388\" style=\"width: 310px\" class=\"wp-caption alignright\"><img loading=\"lazy\" decoding=\"async\" aria-describedby=\"caption-attachment-10388\" class=\"wp-image-10388 size-medium\" src=\"https:\/\/www.visionweb.com.ar\/wp-content\/uploads\/2023\/04\/BOMBEROS-300x169.png\" alt=\"\" width=\"300\" height=\"169\" srcset=\"https:\/\/www.visionweb.com.ar\/wp-content\/uploads\/2023\/04\/BOMBEROS-300x169.png 300w, https:\/\/www.visionweb.com.ar\/wp-content\/uploads\/2023\/04\/BOMBEROS.png 640w\" sizes=\"auto, (max-width: 300px) 100vw, 300px\" \/><p id=\"caption-attachment-10388\" class=\"wp-caption-text\">Los bomberos de Echenaguc\u00eda celebran el centenario de su fundaci\u00f3n (Foto: Bomberos Echenaguc\u00eda)<\/p><\/div>\n<p>Con un desfile y un acto en el cruce de las avenidas Lacarra y De la Serna, de Gerli, en el partido de Avellaneda los bomberos voluntarios de Echenaguc\u00eda celebraron el cent\u00e9simo aniversario de la fundaci\u00f3n de su cuartel en la emblem\u00e1tical esquina de La Mosca.<\/p>\n<p>Durante el acto, los discursos recordaron a los oficiales ca\u00eddos y se destac\u00f3 \u201cla valent\u00eda y solidaridad de los bomberos para con su comunidad\u201d.<\/p>\n<p>Del desfile, que fue acompa\u00f1ado por muchos vecinos, estuvieron representados una gran cantidad de destacamentos de bomberos de cuarteles bonaerenses y porte\u00f1os quienes desfilaron al son de la banda del Regimiento de Infanter\u00eda I de Patricios.<\/p>\n<p>Tambi\u00e9n estuvieron presentes el intendente local, Jorge Ferraresi junto a su esposa y jefa de Gabinete, Magdalena Sierra, autoridades del Consejo de Federaciones de Bomberos Voluntarios de la Argentina y de la Federaci\u00f3n de Bomberos de la Provincia de Buenos Aires<strong>(VW)<\/strong><\/p>\n","protected":false},"excerpt":{"rendered":"<p>Del desfile, que fue acompa\u00f1ado por muchos vecinos, estuvieron representados una gran cantidad de destacamentos de bomberos de cuarteles bonaerense.<\/p>\n","protected":false},"author":3,"featured_media":10388,"comment_status":"closed","ping_status":"closed","sticky":false,"template":"","format":"standard","meta":{"_monsterinsights_skip_tracking":false,"_monsterinsights_sitenote_active":false,"_monsterinsights_sitenote_note":"","_monsterinsights_sitenote_category":0,"footnotes":""},"categories":[5],"tags":[],"class_list":["post-10387","post","type-post","status-publish","format-standard","has-post-thumbnail","hentry","category-sociedad"],"_links":{"self":[{"href":"https:\/\/www.visionweb.com.ar\/index.php?rest_route=\/wp\/v2\/posts\/10387","targetHints":{"allow":["GET"]}}],"collection":[{"href":"https:\/\/www.visionweb.com.ar\/index.php?rest_route=\/wp\/v2\/posts"}],"about":[{"href":"https:\/\/www.visionweb.com.ar\/index.php?rest_route=\/wp\/v2\/types\/post"}],"author":[{"embeddable":true,"href":"https:\/\/www.visionweb.com.ar\/index.php?rest_route=\/wp\/v2\/users\/3"}],"replies":[{"embeddable":true,"href":"https:\/\/www.visionweb.com.ar\/index.php?rest_route=%2Fwp%2Fv2%2Fcomments&post=10387"}],"version-history":[{"count":1,"href":"https:\/\/www.visionweb.com.ar\/index.php?rest_route=\/wp\/v2\/posts\/10387\/revisions"}],"predecessor-version":[{"id":10389,"href":"https:\/\/www.visionweb.com.ar\/index.php?rest_route=\/wp\/v2\/posts\/10387\/revisions\/10389"}],"wp:featuredmedia":[{"embeddable":true,"href":"https:\/\/www.visionweb.com.ar\/index.php?rest_route=\/wp\/v2\/media\/10388"}],"wp:attachment":[{"href":"https:\/\/www.visionweb.com.ar\/index.php?rest_route=%2Fwp%2Fv2%2Fmedia&parent=10387"}],"wp:term":[{"taxonomy":"category","embeddable":true,"href":"https:\/\/www.visionweb.com.ar\/index.php?rest_route=%2Fwp%2Fv2%2Fcategories&post=10387"},{"taxonomy":"post_tag","embeddable":true,"href":"https:\/\/www.visionweb.com.ar\/index.php?rest_route=%2Fwp%2Fv2%2Ftags&post=10387"}],"curies":[{"name":"wp","href":"https:\/\/api.w.org\/{rel}","templated":true}]}}