{"id":10380,"date":"2023-04-21T14:00:26","date_gmt":"2023-04-21T17:00:26","guid":{"rendered":"https:\/\/www.visionweb.com.ar\/?p=10380"},"modified":"2023-04-21T14:00:26","modified_gmt":"2023-04-21T17:00:26","slug":"provincia-hay-casi-un-millon-de-causas-iniciadas-y-solo-el-37-de-los-delitos-tienen-imputados","status":"publish","type":"post","link":"https:\/\/www.visionweb.com.ar\/?p=10380","title":{"rendered":"Provincia: Hay casi un mill\u00f3n de causas iniciadas y s\u00f3lo el 3,7% de los delitos tienen imputados"},"content":{"rendered":"<p><em><strong>De acuerdo a un informe de la Procuraci\u00f3n General de la Suprema Corte bonaerense, en 2022 se iniciaron 946.510 por diversos delitos. A la vez el documento declara que los homicidios bajaron 10,2% respecto de 2022 y 27,1% comparados con 2018.<\/strong><\/em><!--more--><\/p>\n<p><strong> <img loading=\"lazy\" decoding=\"async\" class=\"size-full wp-image-10381 alignright\" src=\"https:\/\/www.visionweb.com.ar\/wp-content\/uploads\/2023\/04\/delitos.png\" alt=\"\" width=\"290\" height=\"174\" \/>\u00a0 L<\/strong>a Procuraci\u00f3n General de la Suprema Corte de la\u00a0provincia de Buenos Aires, dirigida por\u00a0Julio Conte Grand, present\u00f3 \u00a0un an\u00e1lisis que indica que en 2022 se iniciaron 946.510 investigaciones penales preparatorias (IPP) por diversos\u00a0<strong>delitos<\/strong>, lo que representa un aumento del 9,1% en relaci\u00f3n a las 847.173 de 2021.<\/p>\n<p>Del total, 924.492 corresponden al Fuero Criminal y Correccional, aunque <strong>s\u00f3lo<\/strong> <strong>el<\/strong> <strong>3<\/strong>,<strong>7%<\/strong> <strong>de<\/strong> <strong>las<\/strong> <strong>causas<\/strong> <strong>tienen<\/strong> <strong>a<\/strong> <strong>una<\/strong> <strong>persona<\/strong> <strong>imputada<\/strong>.<\/p>\n<p>Seg\u00fan las estad\u00edsticas oficiales, 34.614 IPP tuvieron un imputado durante las causas iniciadas el a\u00f1o pasado. Es decir, son las que registran al menos un sujeto al que se le ha recepcionado declaraci\u00f3n en una audiencia.<\/p>\n<p>En tanto, 327.600 investigaciones, un 35,4% del total, tuvieron a un autor sindicado, lo que significa que registran al menos un sujeto mencionado como posible autor de un hecho il\u00edcito, pero que a\u00fan no declar\u00f3 ante la Justicia.<\/p>\n<p>Sin embargo, el dato que siempre llama m\u00e1s la atenci\u00f3n es la cantidad de causas que no tienen un autor identificado, en parte por una deficiencia en la investigaci\u00f3n aunque en la mayor cantidad de casos es porque son delitos menores o robos en la v\u00eda p\u00fablica que son complejos de esclarecer. En este caso, hay 562.278 causas con autor ignorado: esto es, el 60,9% del total.<\/p>\n<p><strong>Casi<\/strong> <strong>un<\/strong> <strong>mill\u00f3n<\/strong> <strong>de<\/strong> <strong>delitos<\/strong>: Si se compara con 2021, se puede ver que en ese a\u00f1o de las 847.173 IPP iniciadas, 487.084 (un 57,5%) no tuvieron un autor identificado.<\/p>\n<p>No obstante, del total de causas, 781.270 fueron finalizadas, aunque en la mayor\u00eda sin encontrar el autor. De hecho, <strong>en<\/strong> <strong>2021<\/strong>, el 73% de las causas fueron archivadas y el 18% fueron desestimadas. Es decir, que <strong>en<\/strong> <strong>el<\/strong> <strong>91%<\/strong> <strong>de<\/strong> <strong>las<\/strong> <strong>investigaciones<\/strong> <strong>no<\/strong> <strong>se<\/strong> <strong>lograron<\/strong> <strong>probar<\/strong> <strong>los<\/strong> <strong>delitos<\/strong> y\/o sus autores.<\/p>\n<p>Si las cifras se comparan con cinco a\u00f1os atr\u00e1s, se puede ver que en 2017, el 4,2% de las IPP cerraron con un imputado, mientras que el 48,5% no tuvieron un autor identificado.<\/p>\n<p><strong>En<\/strong> <strong>detalle<\/strong>: Con respecto a los homicidios,\u00a0seg\u00fan el reporte, en un compilado de las investigaciones penales, hubo 750 v\u00edctimas fatales -620 varones y 130 mujeres, el informe no establece a v\u00edctimas trans- en 716 hechos distintos.<\/p>\n<p><strong>Esto representa\u00a0un 10,2% menos que en 2022 y un 27,1% menos que en 2018. <\/strong><\/p>\n<p><strong>As\u00ed, la tasa de homicidios provincial desciende a 4,27 casos por 100 mil habitantes. Por estos hechos ya hay 1039 imputados, dice el an\u00e1lisis.<\/strong><\/p>\n<p>Del total de los casos, el 60,2% de los hechos ocurrieron en la calle, la mitad en horario nocturno: en 61 expedientes, los imputados fueron menores de edad, investigados por el Fuero de Responsabilidad Juvenil. El n\u00famero de cr\u00edmenes cometidos con armas de fuego ascendi\u00f3 un 6%, con un 56,3% de los hechos en general. Cabe resaltar que los conflictos interpersonales representan casi un cuarto de las causas de los homicidios provinciales. <strong>(VW)<\/strong><\/p>\n<p><strong>\u00a0<\/strong><\/p>\n<p>&nbsp;<\/p>\n","protected":false},"excerpt":{"rendered":"<p>De acuerdo a un informe de la Procuraci\u00f3n General de la Suprema Corte bonaerense, en 2022 se iniciaron 946.510 por diversos delitos. A la vez el documento declara que los homicidios bajaron 10,2% respecto&#46;&#46;&#46;<\/p>\n","protected":false},"author":4,"featured_media":10381,"comment_status":"closed","ping_status":"closed","sticky":false,"template":"","format":"standard","meta":{"_monsterinsights_skip_tracking":false,"_monsterinsights_sitenote_active":false,"_monsterinsights_sitenote_note":"","_monsterinsights_sitenote_category":0,"footnotes":""},"categories":[8,5],"tags":[4306,122,240,4307,356],"class_list":["post-10380","post","type-post","status-publish","format-standard","has-post-thumbnail","hentry","category-interes-general","category-sociedad","tag-delitos","tag-informe","tag-inseguridad","tag-procuracion-general-bonaerense","tag-provincia"],"_links":{"self":[{"href":"https:\/\/www.visionweb.com.ar\/index.php?rest_route=\/wp\/v2\/posts\/10380","targetHints":{"allow":["GET"]}}],"collection":[{"href":"https:\/\/www.visionweb.com.ar\/index.php?rest_route=\/wp\/v2\/posts"}],"about":[{"href":"https:\/\/www.visionweb.com.ar\/index.php?rest_route=\/wp\/v2\/types\/post"}],"author":[{"embeddable":true,"href":"https:\/\/www.visionweb.com.ar\/index.php?rest_route=\/wp\/v2\/users\/4"}],"replies":[{"embeddable":true,"href":"https:\/\/www.visionweb.com.ar\/index.php?rest_route=%2Fwp%2Fv2%2Fcomments&post=10380"}],"version-history":[{"count":1,"href":"https:\/\/www.visionweb.com.ar\/index.php?rest_route=\/wp\/v2\/posts\/10380\/revisions"}],"predecessor-version":[{"id":10382,"href":"https:\/\/www.visionweb.com.ar\/index.php?rest_route=\/wp\/v2\/posts\/10380\/revisions\/10382"}],"wp:featuredmedia":[{"embeddable":true,"href":"https:\/\/www.visionweb.com.ar\/index.php?rest_route=\/wp\/v2\/media\/10381"}],"wp:attachment":[{"href":"https:\/\/www.visionweb.com.ar\/index.php?rest_route=%2Fwp%2Fv2%2Fmedia&parent=10380"}],"wp:term":[{"taxonomy":"category","embeddable":true,"href":"https:\/\/www.visionweb.com.ar\/index.php?rest_route=%2Fwp%2Fv2%2Fcategories&post=10380"},{"taxonomy":"post_tag","embeddable":true,"href":"https:\/\/www.visionweb.com.ar\/index.php?rest_route=%2Fwp%2Fv2%2Ftags&post=10380"}],"curies":[{"name":"wp","href":"https:\/\/api.w.org\/{rel}","templated":true}]}}