{"id":10374,"date":"2023-04-21T10:58:03","date_gmt":"2023-04-21T13:58:03","guid":{"rendered":"https:\/\/www.visionweb.com.ar\/?p=10374"},"modified":"2023-04-21T10:58:03","modified_gmt":"2023-04-21T13:58:03","slug":"alberto-fernandez-no-ira-por-la-reeleccion","status":"publish","type":"post","link":"https:\/\/www.visionweb.com.ar\/?p=10374","title":{"rendered":"Alberto Fern\u00e1ndez no ir\u00e1 por la reelecci\u00f3n"},"content":{"rendered":"<p><em><strong>Se baj\u00f3 de la candidatura, aunque hasta hace unas horas se manten\u00eda firme en esa postura. A trav\u00e9s de un video anunci\u00f3 que no competir\u00e1 por la reelecci\u00f3n en la previa de la reuni\u00f3n del PJ.<\/strong><\/em><!--more--><\/p>\n<p><img loading=\"lazy\" decoding=\"async\" class=\"size-full wp-image-10375 alignright\" src=\"https:\/\/www.visionweb.com.ar\/wp-content\/uploads\/2023\/04\/alberto-fernandez.png\" alt=\"\" width=\"300\" height=\"168\" \/>\u00a0 <strong>E<\/strong>l presidente Alberto Fern\u00e1ndez anunci\u00f3 esta ma\u00f1ana que se baja de la competencia por la\u00a0<strong>reelecci\u00f3n<\/strong>,\u00a0a trav\u00e9s de un video publicado en sus redes sociales, donde repas\u00f3 escenas de su vida pol\u00edtica, reivindic\u00f3 las PASO y dijo que va a \u00abgarantizar que todos y todas los que se sientan capacitados puedan hacerlo\u00bb y empezar un \u00abciclo virtuoso\u00bb en el que \u00abno volver\u00e1 la derecha\u00bb.<\/p>\n<p><strong>\u00abComo militante peronista siempre supe que primero la Patria, despu\u00e9s el movimiento y por \u00faltimo los hombres. Voy a cumplir con esta escala de prioridades\u00bb<\/strong>, lanz\u00f3 primero. El presidente reconoci\u00f3 que su Gobierno no logr\u00f3 lo que se propuso, aunque destac\u00f3 algunas pol\u00edticas que llev\u00f3 adelante.<\/p>\n<p><strong>\u00abEn estos a\u00f1os eleg\u00ed soportar cr\u00edticas y evit\u00e9 toda escalada en los conflictos. Llegamos hoy, pese a todas las dificultades unidos antes de una nueva contienda electoral que se fortalecer\u00e1 con la b\u00fasqueda de nuevos protagonistas\u00bb,<\/strong>\u00a0dijo al marcar las bombas internas que le lanzaron.<\/p>\n<p>En ese punto, cerr\u00f3 al se\u00f1alar que\u00a0<strong>\u00abel pr\u00f3ximo 10 de diciembre de 2023 entregar\u00e9 la banda presidencial a quien haya sido elegido leg\u00edtimamente en las urnas por el voto popular\u00bb<\/strong>.<\/p>\n<p>\u00abHago un llamamiento para que todos transitemos este tiempo electoral tan <strong>proclive<\/strong> <strong>de<\/strong> <strong>los<\/strong> <strong>excesos<\/strong> con el mayor de los respetos por nuestros contendientes. Podemos efectuar desde los espacios p\u00fablicos todos y todas un aporte genuino para mejorar el debate pol\u00edtico que nos merecemos. Nadie debe dejarse enga\u00f1ar. No todo es lo mismo en la pol\u00edtica. Aquellos que pregonan libertad son los que m\u00e1s hacen para establecer un sistema socialmente injusto\u00bb, inst\u00f3.<\/p>\n<p>A la vez, el mandatario hizo un mea culpa, pero tambi\u00e9n puso el foco en varias de las pol\u00edticas que se llevaron adelante como viviendas, obras o el gasoducto. Asimismo, record\u00f3 que en 2019 recibi\u00f3 \u00abun pa\u00eds endeudado, en recesi\u00f3n, en default, con alta pobreza e inflaci\u00f3n, y debimos enfrentar una pandemia mundial, una guerra y, en este momento, las consecuencias de una brutal sequ\u00eda\u00bb. <strong>(VW)<\/strong><\/p>\n<p>&nbsp;<\/p>\n","protected":false},"excerpt":{"rendered":"<p>Se baj\u00f3 de la candidatura, aunque hasta hace unas horas se manten\u00eda firme en esa postura. A trav\u00e9s de un video anunci\u00f3 que no competir\u00e1 por la reelecci\u00f3n en la previa de la reuni\u00f3n&#46;&#46;&#46;<\/p>\n","protected":false},"author":4,"featured_media":10375,"comment_status":"closed","ping_status":"closed","sticky":false,"template":"","format":"standard","meta":{"_monsterinsights_skip_tracking":false,"_monsterinsights_sitenote_active":false,"_monsterinsights_sitenote_note":"","_monsterinsights_sitenote_category":0,"footnotes":""},"categories":[4],"tags":[44,3962,4304,490],"class_list":["post-10374","post","type-post","status-publish","format-standard","has-post-thumbnail","hentry","category-politica","tag-alberto-fernandez","tag-candidatura","tag-no-ira-por-la-reeleccion","tag-pj"],"_links":{"self":[{"href":"https:\/\/www.visionweb.com.ar\/index.php?rest_route=\/wp\/v2\/posts\/10374","targetHints":{"allow":["GET"]}}],"collection":[{"href":"https:\/\/www.visionweb.com.ar\/index.php?rest_route=\/wp\/v2\/posts"}],"about":[{"href":"https:\/\/www.visionweb.com.ar\/index.php?rest_route=\/wp\/v2\/types\/post"}],"author":[{"embeddable":true,"href":"https:\/\/www.visionweb.com.ar\/index.php?rest_route=\/wp\/v2\/users\/4"}],"replies":[{"embeddable":true,"href":"https:\/\/www.visionweb.com.ar\/index.php?rest_route=%2Fwp%2Fv2%2Fcomments&post=10374"}],"version-history":[{"count":1,"href":"https:\/\/www.visionweb.com.ar\/index.php?rest_route=\/wp\/v2\/posts\/10374\/revisions"}],"predecessor-version":[{"id":10376,"href":"https:\/\/www.visionweb.com.ar\/index.php?rest_route=\/wp\/v2\/posts\/10374\/revisions\/10376"}],"wp:featuredmedia":[{"embeddable":true,"href":"https:\/\/www.visionweb.com.ar\/index.php?rest_route=\/wp\/v2\/media\/10375"}],"wp:attachment":[{"href":"https:\/\/www.visionweb.com.ar\/index.php?rest_route=%2Fwp%2Fv2%2Fmedia&parent=10374"}],"wp:term":[{"taxonomy":"category","embeddable":true,"href":"https:\/\/www.visionweb.com.ar\/index.php?rest_route=%2Fwp%2Fv2%2Fcategories&post=10374"},{"taxonomy":"post_tag","embeddable":true,"href":"https:\/\/www.visionweb.com.ar\/index.php?rest_route=%2Fwp%2Fv2%2Ftags&post=10374"}],"curies":[{"name":"wp","href":"https:\/\/api.w.org\/{rel}","templated":true}]}}