{"id":10363,"date":"2023-04-20T18:03:01","date_gmt":"2023-04-20T21:03:01","guid":{"rendered":"https:\/\/www.visionweb.com.ar\/?p=10363"},"modified":"2023-04-20T18:03:01","modified_gmt":"2023-04-20T21:03:01","slug":"tren-roca-la-nacion-volvio-a-adjudicar-la-construccion-de-la-estacion-avellaneda","status":"publish","type":"post","link":"https:\/\/www.visionweb.com.ar\/?p=10363","title":{"rendered":"Tren Roca: La Naci\u00f3n volvi\u00f3 a adjudicar la construcci\u00f3n de la estaci\u00f3n Avellaneda"},"content":{"rendered":"<p><em><strong>A trav\u00e9s del Ministerio de\u00a0Transporte en pocas semanas iniciar\u00e1n las obras, que incluyen la remodelaci\u00f3n del vest\u00edbulo principal de la estaci\u00f3n y el t\u00fanel bajo los andenes\u00a0con nuevos solados, cielorrasos, paredes y aberturas, adem\u00e1s de luces. Tambi\u00e9n\u00a0se elevar\u00e1n las plataformas 1 y 2.<\/strong><\/em><!--more--><\/p>\n<p><img loading=\"lazy\" decoding=\"async\" class=\"size-medium wp-image-10364 alignright\" src=\"https:\/\/www.visionweb.com.ar\/wp-content\/uploads\/2023\/04\/estacion-avellaneda-nueva-300x143.png\" alt=\"\" width=\"300\" height=\"143\" srcset=\"https:\/\/www.visionweb.com.ar\/wp-content\/uploads\/2023\/04\/estacion-avellaneda-nueva-300x143.png 300w, https:\/\/www.visionweb.com.ar\/wp-content\/uploads\/2023\/04\/estacion-avellaneda-nueva.png 326w\" sizes=\"auto, (max-width: 300px) 100vw, 300px\" \/>\u00a0\u00a0 <strong>E<\/strong>l Ministerio de\u00a0<strong>Transporte de la Naci\u00f3n volvi\u00f3 a adjudicar los trabajos para la construcci\u00f3n de la estaci\u00f3n de Avellaneda, <\/strong>que comenzar\u00eda a tomar forma en las pr\u00f3ximas semanas de la mano del \u00fanico oferente: la uni\u00f3n temporal de empresas (UTE) entre ATF Construcciones-Construcciones OMI, luego de la paralizaci\u00f3n de obras en 2017.<\/p>\n<p>La estaci\u00f3n Avellaneda del Tren Roca es, tal vez en la actualidad\u00a0<strong>la m\u00e1s precaria, oscura y desprolija del recorrido. Todo en ella remite a desidia y olvido. <\/strong>Y justamente esta estaci\u00f3n es la que <strong>marca la primera gran bifurcaci\u00f3n del Tren Roca\u00a0<\/strong>entre las formaciones el\u00e9ctricas que v\u00eda Quilmes concluyen en La Plata y los que ir\u00e1n por T\u00e9mperley hacia Alejandro Korn y Ezeiza.<\/p>\n<p><strong>Bautizada Maximiliano Kosteki y Dar\u00edo Santill\u00e1n, la estaci\u00f3n recuerda a los dos piqueteros asesinados\u00a0<\/strong>en 2002 por la Polic\u00eda Bonaerense. A metros,\u00a0<strong>la vieja calle Bosch, lleva ahora el nombre de Mariano Ferreyra<\/strong>, militante trotskysta asesinado por la patota sindical de la Uni\u00f3n Ferroviaria. Paradojas de la pol\u00edtica local de matadores que homenajean a sus v\u00edctimas.<\/p>\n<p>Precisamente\u00a0<strong>sobre Mariano Ferreyra se rehabilitar\u00e1 el segundo acceso a la estaci\u00f3n lindero al and\u00e9n 4<\/strong>, que hoy est\u00e1 cerrado y donde se instalar\u00e1 una nueva boleter\u00eda y se colocar\u00e1n molinetes.<\/p>\n<p>Se\u00a0<strong>remodelar\u00e1 el vest\u00edbulo principal de la estaci\u00f3n y el t\u00fanel bajo los andenes\u00a0<\/strong>con nuevos solados, cielorrasos, paredes y aberturas, adem\u00e1s de luces.<\/p>\n<p>Tambi\u00e9n\u00a0<strong>se elevar\u00e1n las plataformas 1 y 2 y se restaurar\u00e1n los refugios\u00a0<\/strong>en los cuatro andenes.<\/p>\n<p>Adem\u00e1s se instalar\u00e1n nuevas luminarias LED, renovar\u00e1n las salas operativas, se colocar\u00e1n nuevos sistemas contra incendios, equipamiento para audio y seguridad, y, finalmente,\u00a0<strong>se instalar\u00e1n tres ascensores para acceder los andenes que son elevados.<\/strong><\/p>\n<p><strong>Las<\/strong> <strong>obras art\u00edsticas<\/strong> <strong>existentes<\/strong>: El nombre de la estaci\u00f3n alude a un<strong>\u00a0\u201checho sociopol\u00edtico sensible\u201d<\/strong>, seg\u00fan indicaron desde Trenes Argentinos por lo que se tendr\u00e1 cuidado para\u00a0<strong>no afectar durante la obra las expresiones art\u00edsticas del t\u00fanel y el vest\u00edbulo\u00a0<\/strong>que hacen referencia a aquel asesinato.<\/p>\n<p>Tambi\u00e9n renovar\u00e1n las veredas en mal estado en la fachada de la estaci\u00f3n y en las calles Mariano Ferreyra y\u00a0<strong>Obreros de La Negra donde transformar\u00e1n el espacio verde en un parque lineal.<\/strong><\/p>\n<p>Por otra parte,\u00a0<strong>readecuar\u00e1n rampas y sendas peatonales\u00a0<\/strong>en los cruces, adem\u00e1s de instalar nuevos refugios y paradas de taxis y colectivos sobre la avenida Hip\u00f3lito Yrigoyen.<\/p>\n<p>En tanto, est\u00e1 proyectado generar\u00a0<strong>una nueva plaza seca de acceso a la estaci\u00f3n desde Hip\u00f3lito Yrigoyen<\/strong>, reaprovechando un sector en desuso ubicado en el lateral del edificio principal de la vieja estaci\u00f3n de Avellaneda. <strong>(VW)<\/strong><\/p>\n<p>&nbsp;<\/p>\n","protected":false},"excerpt":{"rendered":"<p>A trav\u00e9s del Ministerio de\u00a0Transporte en pocas semanas iniciar\u00e1n las obras, que incluyen la remodelaci\u00f3n del vest\u00edbulo principal de la estaci\u00f3n y el t\u00fanel bajo los andenes\u00a0con nuevos solados, cielorrasos, paredes y aberturas, adem\u00e1s&#46;&#46;&#46;<\/p>\n","protected":false},"author":4,"featured_media":10364,"comment_status":"closed","ping_status":"closed","sticky":false,"template":"","format":"standard","meta":{"_monsterinsights_skip_tracking":false,"_monsterinsights_sitenote_active":false,"_monsterinsights_sitenote_note":"","_monsterinsights_sitenote_category":0,"footnotes":""},"categories":[8],"tags":[4238,4300,3441],"class_list":["post-10363","post","type-post","status-publish","format-standard","has-post-thumbnail","hentry","category-interes-general","tag-licitacion-de-obra","tag-nueva-estacion-avellaneda","tag-tren-roca"],"_links":{"self":[{"href":"https:\/\/www.visionweb.com.ar\/index.php?rest_route=\/wp\/v2\/posts\/10363","targetHints":{"allow":["GET"]}}],"collection":[{"href":"https:\/\/www.visionweb.com.ar\/index.php?rest_route=\/wp\/v2\/posts"}],"about":[{"href":"https:\/\/www.visionweb.com.ar\/index.php?rest_route=\/wp\/v2\/types\/post"}],"author":[{"embeddable":true,"href":"https:\/\/www.visionweb.com.ar\/index.php?rest_route=\/wp\/v2\/users\/4"}],"replies":[{"embeddable":true,"href":"https:\/\/www.visionweb.com.ar\/index.php?rest_route=%2Fwp%2Fv2%2Fcomments&post=10363"}],"version-history":[{"count":1,"href":"https:\/\/www.visionweb.com.ar\/index.php?rest_route=\/wp\/v2\/posts\/10363\/revisions"}],"predecessor-version":[{"id":10365,"href":"https:\/\/www.visionweb.com.ar\/index.php?rest_route=\/wp\/v2\/posts\/10363\/revisions\/10365"}],"wp:featuredmedia":[{"embeddable":true,"href":"https:\/\/www.visionweb.com.ar\/index.php?rest_route=\/wp\/v2\/media\/10364"}],"wp:attachment":[{"href":"https:\/\/www.visionweb.com.ar\/index.php?rest_route=%2Fwp%2Fv2%2Fmedia&parent=10363"}],"wp:term":[{"taxonomy":"category","embeddable":true,"href":"https:\/\/www.visionweb.com.ar\/index.php?rest_route=%2Fwp%2Fv2%2Fcategories&post=10363"},{"taxonomy":"post_tag","embeddable":true,"href":"https:\/\/www.visionweb.com.ar\/index.php?rest_route=%2Fwp%2Fv2%2Ftags&post=10363"}],"curies":[{"name":"wp","href":"https:\/\/api.w.org\/{rel}","templated":true}]}}