{"id":10333,"date":"2023-04-18T09:18:02","date_gmt":"2023-04-18T12:18:02","guid":{"rendered":"https:\/\/www.visionweb.com.ar\/?p=10333"},"modified":"2023-04-18T09:18:02","modified_gmt":"2023-04-18T12:18:02","slug":"veteranos-lomenses-volvieron-malvinas-y-fueron-a-darwin","status":"publish","type":"post","link":"https:\/\/www.visionweb.com.ar\/?p=10333","title":{"rendered":"Veteranos lomenses: Volvieron  Malvinas y fueron a Darwin"},"content":{"rendered":"<p><em><strong>El regreso a los archipi\u00e9lagos incluy\u00f3 la visita a uno de los puntos m\u00e1s emblem\u00e1ticos y significativos para toda la tropa argentina:\u00a0el cementerio de Darwin<\/strong><\/em><!--more--><\/p>\n<p><strong><img loading=\"lazy\" decoding=\"async\" class=\"size-medium wp-image-10334 alignright\" src=\"https:\/\/www.visionweb.com.ar\/wp-content\/uploads\/2023\/04\/ISLAS-300x157.png\" alt=\"\" width=\"300\" height=\"157\" srcset=\"https:\/\/www.visionweb.com.ar\/wp-content\/uploads\/2023\/04\/ISLAS-300x157.png 300w, https:\/\/www.visionweb.com.ar\/wp-content\/uploads\/2023\/04\/ISLAS.png 640w\" sizes=\"auto, (max-width: 300px) 100vw, 300px\" \/>D<\/strong>oce excombatientes pertenecientes a la Comisi\u00f3n de Enlace de Veteranos de Lomas de Zamora regresaron a las Islas, en el marco de un programa municipal que cada a\u00f1o otorga cuatro viajes a quienes hayan servido durante el conflicto b\u00e9lico del Atl\u00e1ntico Sur.<\/p>\n<p>A 41 a\u00f1os de la Guerra de Malvinas, doce excombatientes pertenecientes a la Comisi\u00f3n de Enlace de Veteranos de Lomas de Zamora regresaron a las Islas.<\/p>\n<p>\u201c<strong>Islas Malvinas argentinas, 1886 km<\/strong>\u201d reza un cartel en el ingreso al centro de veteranos en Lomas. Sin embargo, las islas se sienten much\u00edsimo m\u00e1s cerca, en la mirada y en las historias de cada uno de los excombatientes. Mucho tiempo pas\u00f3 para que V\u00edctor Luis Peloso; Jorge Soto; Patricio Almir\u00f3n; Antonio De Luca y Dar\u00edo Pedraza pudieran volver a pisar suelo malvinense.<\/p>\n<p>Con la mirada cargada de recuerdos, Peloso, excombatiente del Regimiento VII de La Plata, perteneciente al Ej\u00e9rcito Argentino, comparti\u00f3 con <strong>AUNO<\/strong> lo que signific\u00f3 volver a las Islas. \u201cHab\u00eda un sentimiento que me dec\u00eda que ten\u00eda que volver. No puedo explicarlo con palabras, era algo que sent\u00eda\u201d, asegur\u00f3.<\/p>\n<p>La Guerra de Malvinas no es s\u00f3lo el recuerdo de una aventura improvisada de una dictadura c\u00edvico militar que busc\u00f3 desesperadamente, por cualquier medio, un poco de ox\u00edgeno ante el fuerte descontento y las protestas de la sociedad.\u00a0<strong>Malvinas se convirti\u00f3 en una causa que despierta sensaciones y emociones encontradas en todos los argentinos y argentinas.\u00a0<\/strong><\/p>\n<p>\u201c<strong>Llegar y ver tu posici\u00f3n de combate y pensar \u2018ac\u00e1 estuve hace 40 a\u00f1os\u2019\u00a0es por un lado, emocionante, y por otro, muy chocante<\/strong>\u201c, afirma Pedraza, excombatiente del Regimiento VII de Infanter\u00eda del Ej\u00e9rcito Argentino, que rememora a AUNO la primera vez que pis\u00f3 el suelo isle\u00f1o. \u201cLos primeros d\u00edas fueron terribles, te juega muy en contra el clima. Es estar permanentemente en un terreno que es muy inh\u00f3spito\u201d, se\u00f1al\u00f3.<\/p>\n<p><strong>Malvinas es una huella imborrable en la identidad nacional que invita permanentemente a la reflexi\u00f3n.<\/strong>\u00a0El testimonio de De Luca, veterano de la Compa\u00f1\u00eda de Combate 601 del Ej\u00e9rcito Argentino, es el fiel reflejo de eso. Luego de su regreso a las Islas, despu\u00e9s de 41 a\u00f1os, el excombatiente describe la sensaci\u00f3n de volver a pisar Puerto Argentino.<\/p>\n<p>\u201cTengo dos visiones en mi mente. Una en la que ten\u00e9s una casa y te la usurpan, y ten\u00e9s que ver por la ventana c\u00f3mo te usan todo. Y la otra, es que ten\u00e9s una hija a la que no le pod\u00e9s dar de comer, no le pod\u00e9s dar nada y la ten\u00e9s que entregar y sab\u00e9s que est\u00e1 bien. Entonces, veo que est\u00e1n bien cuidadas las Islas y todo, pero\u00a0<strong>me gustar\u00eda recuperarlas, siempre por la v\u00eda diplom\u00e1tica<\/strong>\u201c, relat\u00f3 De Luca.<\/p>\n<p>El regreso a los archipi\u00e9lagos incluy\u00f3 la visita a uno de los puntos m\u00e1s emblem\u00e1ticos y significativos para toda la tropa argentina:\u00a0<strong>el cementerio de Darwin<\/strong>, donde descansan 237 de las 649 v\u00edctimas argentinas que hubo durante el conflicto.<\/p>\n<p><img loading=\"lazy\" decoding=\"async\" class=\"size-medium wp-image-10335 alignleft\" src=\"https:\/\/www.visionweb.com.ar\/wp-content\/uploads\/2023\/04\/ISLAS-MALVINAS-300x226.png\" alt=\"\" width=\"300\" height=\"226\" srcset=\"https:\/\/www.visionweb.com.ar\/wp-content\/uploads\/2023\/04\/ISLAS-MALVINAS-300x226.png 300w, https:\/\/www.visionweb.com.ar\/wp-content\/uploads\/2023\/04\/ISLAS-MALVINAS-320x240.png 320w, https:\/\/www.visionweb.com.ar\/wp-content\/uploads\/2023\/04\/ISLAS-MALVINAS.png 768w\" sizes=\"auto, (max-width: 300px) 100vw, 300px\" \/>Las filas de cruces blancas inundan el pecho de los excombatientes con un sentimiento dif\u00edcil de explicar. Soto, veterano de guerra del Regimiento VII de La Plata cont\u00f3 en di\u00e1logo con AUNO: \u201c<strong>Lo peor que te puede pasar es no poder hacer el duelo.\u00a0<\/strong>\u00bfC\u00f3mo lo hac\u00e9s? En el caso de la guerra, no se puede regresar, m\u00e1s si es un caso como el nuestro.\u00a0<strong>Por eso al poder estar ah\u00ed, pudimos cerrar un c\u00edrculo.\u00a0<\/strong>Sab\u00e9s que\u00a0esa persona est\u00e1 ah\u00ed y que descansa y eso te alivia\u201d<\/p>\n<p>Sin embargo, la historia no termina all\u00ed. En su visita a Darwin, los excombatientes lomenses encontraron las tumbas de tres de sus compa\u00f1eros ca\u00eddos en combate. \u201c<strong>Fue una casualidad. Encontramos a dos compa\u00f1eros que eran de nuestro grupo, los dos juntos. Para nosotros, fue muy fuerte hacer el ritual con ellos ah\u00ed, compartir esos 10 minutos, es totalmente fuerte<\/strong>\u201c.<\/p>\n<p>Un emotivo silencio se hace presente y embarga las palabras y la memoria de los veteranos. La magnitud de lo acontecido en Darwin es \u00fanica. El reencuentro, el cierre de un c\u00edrculo que permaneci\u00f3 abierto durante m\u00e1s de cuatro d\u00e9cadas.<\/p>\n<p>Almir\u00f3n, excombatiente del Batall\u00f3n de Ingenieros 601 del Ej\u00e9rcito Argentino refleja en su rostro y en su voz la emoci\u00f3n de aquel reencuentro hasta entonces suspendido en el tiempo.\u00a0<strong>\u201cEncontr\u00e9 a un compa\u00f1ero m\u00edo ah\u00ed.\u00a0<\/strong>Yo no lo conoc\u00eda demasiado, pero te invade algo por dentro que no sab\u00e9s c\u00f3mo explicarlo. No sab\u00e9s si es emoci\u00f3n o qu\u00e9, lo expres\u00e1s con un llanto, es algo imponente e inexplicable\u201d, describi\u00f3.<\/p>\n<p>Es innegable que el conflicto b\u00e9lico del Atl\u00e1ntico Sur marc\u00f3 un antes y un despu\u00e9s en el pueblo argentino y, principalmente, en la vida de quienes combatieron en \u00e9l. Malvinas trasciende el leg\u00edtimo reclamo por la soberan\u00eda del territorio nacional y abraza consigo una causa de valores e ideas que se extiende incluso por el resto del continente americano.<\/p>\n<p>Las huellas de la guerra est\u00e1n a la vista en el sentir nacional.\u00a0<strong>\u201cMalvinas nos cambi\u00f3. Hoy por hoy somos m\u00e1s patriotas que nunca. Defendemos cualquier cosa por sobre la Patria\u201d<\/strong>, remarc\u00f3 Almir\u00f3n sobre el legado que dej\u00f3 el conflicto en la sociedad argentina<strong>(VW\/AUNO)<\/strong>.<\/p>\n<p>&nbsp;<\/p>\n","protected":false},"excerpt":{"rendered":"<p>El regreso a los archipi\u00e9lagos incluy\u00f3 la visita a uno de los puntos m\u00e1s emblem\u00e1ticos y significativos para toda la tropa argentina:\u00a0el cementerio de Darwin<\/p>\n","protected":false},"author":3,"featured_media":10334,"comment_status":"closed","ping_status":"closed","sticky":false,"template":"","format":"standard","meta":{"_monsterinsights_skip_tracking":false,"_monsterinsights_sitenote_active":false,"_monsterinsights_sitenote_note":"","_monsterinsights_sitenote_category":0,"footnotes":""},"categories":[8],"tags":[4284,2015,14,1998],"class_list":["post-10333","post","type-post","status-publish","format-standard","has-post-thumbnail","hentry","category-interes-general","tag-lomas","tag-malvinas","tag-municipio","tag-veteranos"],"_links":{"self":[{"href":"https:\/\/www.visionweb.com.ar\/index.php?rest_route=\/wp\/v2\/posts\/10333","targetHints":{"allow":["GET"]}}],"collection":[{"href":"https:\/\/www.visionweb.com.ar\/index.php?rest_route=\/wp\/v2\/posts"}],"about":[{"href":"https:\/\/www.visionweb.com.ar\/index.php?rest_route=\/wp\/v2\/types\/post"}],"author":[{"embeddable":true,"href":"https:\/\/www.visionweb.com.ar\/index.php?rest_route=\/wp\/v2\/users\/3"}],"replies":[{"embeddable":true,"href":"https:\/\/www.visionweb.com.ar\/index.php?rest_route=%2Fwp%2Fv2%2Fcomments&post=10333"}],"version-history":[{"count":1,"href":"https:\/\/www.visionweb.com.ar\/index.php?rest_route=\/wp\/v2\/posts\/10333\/revisions"}],"predecessor-version":[{"id":10336,"href":"https:\/\/www.visionweb.com.ar\/index.php?rest_route=\/wp\/v2\/posts\/10333\/revisions\/10336"}],"wp:featuredmedia":[{"embeddable":true,"href":"https:\/\/www.visionweb.com.ar\/index.php?rest_route=\/wp\/v2\/media\/10334"}],"wp:attachment":[{"href":"https:\/\/www.visionweb.com.ar\/index.php?rest_route=%2Fwp%2Fv2%2Fmedia&parent=10333"}],"wp:term":[{"taxonomy":"category","embeddable":true,"href":"https:\/\/www.visionweb.com.ar\/index.php?rest_route=%2Fwp%2Fv2%2Fcategories&post=10333"},{"taxonomy":"post_tag","embeddable":true,"href":"https:\/\/www.visionweb.com.ar\/index.php?rest_route=%2Fwp%2Fv2%2Ftags&post=10333"}],"curies":[{"name":"wp","href":"https:\/\/api.w.org\/{rel}","templated":true}]}}