{"id":10331,"date":"2023-04-18T08:12:43","date_gmt":"2023-04-18T11:12:43","guid":{"rendered":"https:\/\/www.visionweb.com.ar\/?p=10331"},"modified":"2023-04-18T08:12:43","modified_gmt":"2023-04-18T11:12:43","slug":"inflacion-estatales-bonaerenses-quieren-adelantar-las-paritarias","status":"publish","type":"post","link":"https:\/\/www.visionweb.com.ar\/?p=10331","title":{"rendered":"Inflaci\u00f3n: Estatales bonaerenses quieren adelantar las paritarias"},"content":{"rendered":"<p><strong><em>Los gremios que representan a los trabajadores estatales bonaerenses encienden las las de alarma y piden la reapertura de paritarias. Estaban programadas reci\u00e9n para agosto<\/em><\/strong>\u00a0 <!--more--><\/p>\n<p><strong><img loading=\"lazy\" decoding=\"async\" class=\"size-medium wp-image-6977 alignright\" src=\"https:\/\/www.visionweb.com.ar\/wp-content\/uploads\/2022\/08\/ESTATALES-PIDEN-REABRIR-LAS-PARITARIAS-CADA-TRES-MESES-300x169.png\" alt=\"\" width=\"300\" height=\"169\" srcset=\"https:\/\/www.visionweb.com.ar\/wp-content\/uploads\/2022\/08\/ESTATALES-PIDEN-REABRIR-LAS-PARITARIAS-CADA-TRES-MESES-300x169.png 300w, https:\/\/www.visionweb.com.ar\/wp-content\/uploads\/2022\/08\/ESTATALES-PIDEN-REABRIR-LAS-PARITARIAS-CADA-TRES-MESES.png 640w\" sizes=\"auto, (max-width: 300px) 100vw, 300px\" \/>L<\/strong>os gremios de los trabajadores estatales de la ley 10.430 comenzaron a pedirle a la gesti\u00f3n de Axel Kicillof que adelante la reapertura de las paritarias del sector (pautada para agosto) ante los altos \u00edndices de inflaci\u00f3n.<\/p>\n<p>ATE inform\u00f3 el lunes que le solicit\u00f3 de manera formal al Ministerio de Trabajo bonaerense, a cargo de Walter Correa, que reabra las paritarias en los pr\u00f3ximos d\u00edas al advertir que \u201clas variables de proyecci\u00f3n inflacionaria que sirvieron de base del acuerdo no coincidieron con la escalada inflacionaria en la cual est\u00e1 inmerso nuestro pa\u00eds\u201d.<\/p>\n<p>\u201cEntendemos imprescindible que podamos, como ya ocurri\u00f3 el a\u00f1o pasado, sostener una paritaria viva y abierta que nos permita actualizar el salario r\u00e1pidamente\u201d, indicaron desde el Consejo Directivo Provincial del gremio.<\/p>\n<p>UPCN, por su parte, ya se hab\u00eda manifestado en ese sentido la semana pasada con un pedido de convocatoria \u201cde manera urgente\u201d elevado al Ministerio de Trabajo en el que tambi\u00e9n manifest\u00f3 su preocupaci\u00f3n por la inflaci\u00f3n.<\/p>\n<p>En tanto, la Federaci\u00f3n de Gremios Estatales y Particulares de la Provincia (Fegeppba) tambi\u00e9n le envi\u00f3 una nota a Correa. All\u00ed, adem\u00e1s de la reapertura de paritaria, solicit\u00f3 el adelantamiento de la pauta establecido para julio.<\/p>\n<p>El febrero Provincia y los gremios estatales hab\u00edan acordado un incremento promedio en tres tramos de 20% en marzo, 6% en mayo y 14% en julio (totalizando un 40% en los primeros siete meses del a\u00f1o). El acuerdo incluy\u00f3 una cl\u00e1usula de revisi\u00f3n en mayo, y el compromiso del gobierno provincial de reabrir la negociaci\u00f3n en agosto<strong>(VW)<\/strong>.<\/p>\n","protected":false},"excerpt":{"rendered":"<p>Los gremios que representan a los trabajadores estatales bonaerenses encienden las las de alarma y piden la reapertura de paritarias. Estaban programadas reci\u00e9n para agosto\u00a0<\/p>\n","protected":false},"author":3,"featured_media":6977,"comment_status":"closed","ping_status":"closed","sticky":false,"template":"","format":"standard","meta":{"_monsterinsights_skip_tracking":false,"_monsterinsights_sitenote_active":false,"_monsterinsights_sitenote_note":"","_monsterinsights_sitenote_category":0,"footnotes":""},"categories":[4],"tags":[1907,57,158],"class_list":["post-10331","post","type-post","status-publish","format-standard","has-post-thumbnail","hentry","category-politica","tag-estatales","tag-gremios","tag-paritarias"],"_links":{"self":[{"href":"https:\/\/www.visionweb.com.ar\/index.php?rest_route=\/wp\/v2\/posts\/10331","targetHints":{"allow":["GET"]}}],"collection":[{"href":"https:\/\/www.visionweb.com.ar\/index.php?rest_route=\/wp\/v2\/posts"}],"about":[{"href":"https:\/\/www.visionweb.com.ar\/index.php?rest_route=\/wp\/v2\/types\/post"}],"author":[{"embeddable":true,"href":"https:\/\/www.visionweb.com.ar\/index.php?rest_route=\/wp\/v2\/users\/3"}],"replies":[{"embeddable":true,"href":"https:\/\/www.visionweb.com.ar\/index.php?rest_route=%2Fwp%2Fv2%2Fcomments&post=10331"}],"version-history":[{"count":1,"href":"https:\/\/www.visionweb.com.ar\/index.php?rest_route=\/wp\/v2\/posts\/10331\/revisions"}],"predecessor-version":[{"id":10332,"href":"https:\/\/www.visionweb.com.ar\/index.php?rest_route=\/wp\/v2\/posts\/10331\/revisions\/10332"}],"wp:featuredmedia":[{"embeddable":true,"href":"https:\/\/www.visionweb.com.ar\/index.php?rest_route=\/wp\/v2\/media\/6977"}],"wp:attachment":[{"href":"https:\/\/www.visionweb.com.ar\/index.php?rest_route=%2Fwp%2Fv2%2Fmedia&parent=10331"}],"wp:term":[{"taxonomy":"category","embeddable":true,"href":"https:\/\/www.visionweb.com.ar\/index.php?rest_route=%2Fwp%2Fv2%2Fcategories&post=10331"},{"taxonomy":"post_tag","embeddable":true,"href":"https:\/\/www.visionweb.com.ar\/index.php?rest_route=%2Fwp%2Fv2%2Ftags&post=10331"}],"curies":[{"name":"wp","href":"https:\/\/api.w.org\/{rel}","templated":true}]}}