{"id":10329,"date":"2023-04-17T09:49:28","date_gmt":"2023-04-17T12:49:28","guid":{"rendered":"https:\/\/www.visionweb.com.ar\/?p=10329"},"modified":"2023-04-17T09:49:28","modified_gmt":"2023-04-17T12:49:28","slug":"elecciones-bonaerenses-las-paso-seran-el-13-de-agosto","status":"publish","type":"post","link":"https:\/\/www.visionweb.com.ar\/?p=10329","title":{"rendered":"Elecciones bonaerenses: Las PASO ser\u00e1n el 13 de agosto"},"content":{"rendered":"<p><strong><em>Con la firma del Decreto por parte del gobernador Axel Kicillof, se anticip\u00f3 a la Naci\u00f3n, por lo que nohabr\u00e1 desdoblamiento.<\/em><\/strong><!--more--><\/p>\n<p><strong>C<\/strong>ontrariamente a algunas especulaciones pol\u00edticas, el gobernado de Buenos Aires, _Axel Kicillof firmo el viernes el Decreto con lo que habilit\u00f3 el 13 <img loading=\"lazy\" decoding=\"async\" class=\"size-full wp-image-1288 alignright\" src=\"https:\/\/www.visionweb.com.ar\/wp-content\/uploads\/2021\/03\/Urna-elecciones.bmp\" alt=\"\" width=\"328\" height=\"267\" \/>de agosto para la realizaci\u00f3n de las elecciones PASO\u00a0 (Primarias, abiertas y obligatorias), en simult\u00e1neo con los comicios nacionales.<\/p>\n<p>\u201cConforme a la Ley vigente, y atendiendo a los tiempos y formas que se establecen en el procedimiento electoral de la Provincia, esta convocatoria es \u00fanicamente para las PASO, que se llevar\u00e1 adelante en simult\u00e1neo con la elecci\u00f3n nacional\u201c, inform\u00f3 esta ma\u00f1ana la gobernaci\u00f3n bonaerense.<\/p>\n<p>Se trata del decreto 567\/2023 publicado hoy en el Bolet\u00edn Oficial de la Provincia, que lleva las firmas del gobernador, el jefe de gabinete bonaerense, Mart\u00edn Insaurralde, y la ministra de gobierno, Mar\u00eda Cristina \u00c1lvarez Rodr\u00edguez.<\/p>\n<p>De este modo, el domingo 13 de agosto se elegir\u00e1n en el territorio bonaerense los candidatos para gobernador y vicegobernador, 23 senadores provinciales titulares y diecis\u00e9is suplentes, 46 diputados provinciales titulares y 28 suplentes, 135 intendentes, 1.097 concejales titulares y 706 suplentes.<\/p>\n<p>Los cargos p\u00fablicos se repartir\u00e1n de acuerdo al siguiente detalle: Secci\u00f3n Capital 3 senadores titulares y 3 suplentes, 15 diputados titulares y 8 suplente; Secci\u00f3n Segunda 5 senadores titulares y 3 suplentes; Secci\u00f3n Tercera 9 senadores titulares y 6 suplentes; Secci\u00f3n Cuarta: 14 diputados titulares y 8 suplentes; Secci\u00f3n Quinta 11 diputados\/as titulares y 8 suplentes; Secci\u00f3n Sexta 6 senadores titulares y 4 suplentes; Secci\u00f3n S\u00e9ptima 6 diputados titulares y 4 suplentes.<\/p>\n<p>El Gobierno provincial record\u00f3 que las elecciones primarias y las elecciones generales \u201cson dos actos comiciales independientes\u201d y por lo tanto \u201clos plazos para realizar las respectivas convocatorias surgen de distintas leyes\u201d. En este sentido, en el caso de las elecciones generales, se\u00f1alaron que el art\u00edculo 114 de la Ley Electoral 5109 establece que \u201cla convocatoria deber\u00e1 realizarse con no menos de 90 d\u00edas de anticipaci\u00f3n\u201d<strong>(VW)<\/strong>.<\/p>\n<p>&nbsp;<\/p>\n","protected":false},"excerpt":{"rendered":"<p>Con la firma del Decreto por parte del gobernador Axel Kicillof, se anticip\u00f3 a la Naci\u00f3n, por lo que nohabr\u00e1 desdoblamiento.<\/p>\n","protected":false},"author":3,"featured_media":1288,"comment_status":"closed","ping_status":"closed","sticky":false,"template":"","format":"standard","meta":{"_monsterinsights_skip_tracking":false,"_monsterinsights_sitenote_active":false,"_monsterinsights_sitenote_note":"","_monsterinsights_sitenote_category":0,"footnotes":""},"categories":[4],"tags":[340,4282,4283],"class_list":["post-10329","post","type-post","status-publish","format-standard","has-post-thumbnail","hentry","category-politica","tag-elecciones","tag-pao","tag-precandidatos"],"_links":{"self":[{"href":"https:\/\/www.visionweb.com.ar\/index.php?rest_route=\/wp\/v2\/posts\/10329","targetHints":{"allow":["GET"]}}],"collection":[{"href":"https:\/\/www.visionweb.com.ar\/index.php?rest_route=\/wp\/v2\/posts"}],"about":[{"href":"https:\/\/www.visionweb.com.ar\/index.php?rest_route=\/wp\/v2\/types\/post"}],"author":[{"embeddable":true,"href":"https:\/\/www.visionweb.com.ar\/index.php?rest_route=\/wp\/v2\/users\/3"}],"replies":[{"embeddable":true,"href":"https:\/\/www.visionweb.com.ar\/index.php?rest_route=%2Fwp%2Fv2%2Fcomments&post=10329"}],"version-history":[{"count":1,"href":"https:\/\/www.visionweb.com.ar\/index.php?rest_route=\/wp\/v2\/posts\/10329\/revisions"}],"predecessor-version":[{"id":10330,"href":"https:\/\/www.visionweb.com.ar\/index.php?rest_route=\/wp\/v2\/posts\/10329\/revisions\/10330"}],"wp:featuredmedia":[{"embeddable":true,"href":"https:\/\/www.visionweb.com.ar\/index.php?rest_route=\/wp\/v2\/media\/1288"}],"wp:attachment":[{"href":"https:\/\/www.visionweb.com.ar\/index.php?rest_route=%2Fwp%2Fv2%2Fmedia&parent=10329"}],"wp:term":[{"taxonomy":"category","embeddable":true,"href":"https:\/\/www.visionweb.com.ar\/index.php?rest_route=%2Fwp%2Fv2%2Fcategories&post=10329"},{"taxonomy":"post_tag","embeddable":true,"href":"https:\/\/www.visionweb.com.ar\/index.php?rest_route=%2Fwp%2Fv2%2Ftags&post=10329"}],"curies":[{"name":"wp","href":"https:\/\/api.w.org\/{rel}","templated":true}]}}