{"id":10323,"date":"2023-04-14T16:54:43","date_gmt":"2023-04-14T19:54:43","guid":{"rendered":"https:\/\/www.visionweb.com.ar\/?p=10323"},"modified":"2023-04-14T16:56:29","modified_gmt":"2023-04-14T19:56:29","slug":"precios-por-las-nubes-la-inflacion-de-marzo-toco-los-77","status":"publish","type":"post","link":"https:\/\/www.visionweb.com.ar\/?p=10323","title":{"rendered":"Precios por las nubes, la inflaci\u00f3n de marzo toc\u00f3 los 7,7%"},"content":{"rendered":"<p><em><strong>En la comparaci\u00f3n interanual el\u00a0 IPC se ubic\u00f3 en 104,3 puntos porcentuales, se ubica entre las tres m\u00e1s altas de m\u00e1s de dos d\u00e9cadas.<\/strong><\/em><!--more--><\/p>\n<p><strong><img loading=\"lazy\" decoding=\"async\" class=\"size-medium wp-image-3183 alignright\" src=\"https:\/\/www.visionweb.com.ar\/wp-content\/uploads\/2021\/10\/precios-oct-2-300x157.jpg\" alt=\"\" width=\"300\" height=\"157\" srcset=\"https:\/\/www.visionweb.com.ar\/wp-content\/uploads\/2021\/10\/precios-oct-2-300x157.jpg 300w, https:\/\/www.visionweb.com.ar\/wp-content\/uploads\/2021\/10\/precios-oct-2.jpg 523w\" sizes=\"auto, (max-width: 300px) 100vw, 300px\" \/>E<\/strong>l \u00edndice de precios al consumidor alcanz\u00f3 en marzo de 2023 un nuevo r\u00e9cord al ubicarse en 7,7 puntos porcentuales, mientras que en el primer trimestre los guarismo totalizaron 21, 7 puntos porcentuales. Mientras que en la comparaci\u00f3n interanual el indice de precios creci\u00f3 104,3%, es el n\u00famero m\u00e1s alto desde 2002.<\/p>\n<p>El n\u00famero super\u00f3 todas las expectativas de las consultoras, que estimaban \u00edndices mas cercanos al 7%, dato que sorprendi\u00f3 al gobierno.<\/p>\n<p>Con estos n\u00fameros, Argentina supera el indice de precios de Venezuela y de los pa\u00edses de la regi\u00f3n.se ubica entre los pa\u00edses.<\/p>\n<p>Al desagregar los rubros que m\u00e1s aumentos mostraron, el primer lugar lo lleva el cap\u00edtulo de Educaci\u00f3n con el 29,1%, guarismo que se justific\u00f3 con las subas que se observaron en las cuotas de los colegios privados a comienzos del ciclo lectivo 2023.<\/p>\n<p>Las siguientes divisiones con mayores variaciones en el per\u00edodo fueron Prendas de vestir y calzado (9,4%), en coincidencia con el cambio de temporada, y Alimentos y bebidas no alcoh\u00f3licas (9,3%), por los incrementos en Carnes y derivados y Leche, productos l\u00e1cteos y huevos. Aunque no fue tan alta como el 9,8% de febrero.<\/p>\n<p>Tambi\u00e9n se destacaron los aumentos de cigarrillos, dentro de Bebidas alcoh\u00f3licas y tabaco (8,3%); de los servicios de agua, gas y electricidad en algunas regiones, en Vivienda, agua, electricidad y otros combustibles (6,5%); y de combustibles y transporte p\u00fablico, dentro de la divisi\u00f3n Transporte (5,3%)<\/p>\n<p><img loading=\"lazy\" decoding=\"async\" class=\"size-medium wp-image-10324 alignleft\" src=\"https:\/\/www.visionweb.com.ar\/wp-content\/uploads\/2023\/04\/INFLACION-300x144.png\" alt=\"\" width=\"300\" height=\"144\" srcset=\"https:\/\/www.visionweb.com.ar\/wp-content\/uploads\/2023\/04\/INFLACION-300x144.png 300w, https:\/\/www.visionweb.com.ar\/wp-content\/uploads\/2023\/04\/INFLACION.png 640w\" sizes=\"auto, (max-width: 300px) 100vw, 300px\" \/>El aumento de Alimentos y bebidas no alcoh\u00f3licas (9,3%) fue el que m\u00e1s incidi\u00f3 en todas las regiones. Al interior de la divisi\u00f3n, sobresali\u00f3 la suba de Carnes y derivados. A su vez, aunque con menor magnitud, se destacaron las subas en Verduras, tub\u00e9rculos y legumbres, seguidas por Leche, productos l\u00e1cteos y huevos; y finalmente por Frutas.<\/p>\n<p>El fuerte salto en el ritmo de los precios se vio en todo el pa\u00eds, pero<strong>\u00a0con mayor intensidad en la regi\u00f3n de Cuyo (7,9%)<\/strong>, en la Pampeana y en el Gran Buenos Aires (7,8%). Por el contrario, el el Noreste el aumento fue del 6,2%, mientras que en la Patagonia fue del 7% y en el Noroeste, del 7,3%.<\/p>\n<p>A nivel de las categor\u00edas, Estacionales lider\u00f3 el aumento (9,3%) seguida por Regulados (8,3%); en tanto que el IPC N\u00facleo registr\u00f3 un incremento de 7,2%. Las dos divisiones de menor variaci\u00f3n en marzo fueron Recreaci\u00f3n y cultura (4,4%) y Comunicaci\u00f3n (1,9%)<strong>(VW)<\/strong>.<\/p>\n<p>&nbsp;<\/p>\n<p>&nbsp;<\/p>\n","protected":false},"excerpt":{"rendered":"<p>En la comparaci\u00f3n interanual el\u00a0 IPC se ubic\u00f3 en 104,3 puntos porcentuales, se ubica entre las tres m\u00e1s altas de m\u00e1s de dos d\u00e9cadas.<\/p>\n","protected":false},"author":3,"featured_media":9171,"comment_status":"closed","ping_status":"closed","sticky":false,"template":"","format":"standard","meta":{"_monsterinsights_skip_tracking":false,"_monsterinsights_sitenote_active":false,"_monsterinsights_sitenote_note":"","_monsterinsights_sitenote_category":0,"footnotes":""},"categories":[6,8],"tags":[111,1456,4280,4281],"class_list":["post-10323","post","type-post","status-publish","format-standard","has-post-thumbnail","hentry","category-economia","category-interes-general","tag-alimentos","tag-cuero","tag-educcion","tag-ropa-de-vestir"],"_links":{"self":[{"href":"https:\/\/www.visionweb.com.ar\/index.php?rest_route=\/wp\/v2\/posts\/10323","targetHints":{"allow":["GET"]}}],"collection":[{"href":"https:\/\/www.visionweb.com.ar\/index.php?rest_route=\/wp\/v2\/posts"}],"about":[{"href":"https:\/\/www.visionweb.com.ar\/index.php?rest_route=\/wp\/v2\/types\/post"}],"author":[{"embeddable":true,"href":"https:\/\/www.visionweb.com.ar\/index.php?rest_route=\/wp\/v2\/users\/3"}],"replies":[{"embeddable":true,"href":"https:\/\/www.visionweb.com.ar\/index.php?rest_route=%2Fwp%2Fv2%2Fcomments&post=10323"}],"version-history":[{"count":3,"href":"https:\/\/www.visionweb.com.ar\/index.php?rest_route=\/wp\/v2\/posts\/10323\/revisions"}],"predecessor-version":[{"id":10327,"href":"https:\/\/www.visionweb.com.ar\/index.php?rest_route=\/wp\/v2\/posts\/10323\/revisions\/10327"}],"wp:featuredmedia":[{"embeddable":true,"href":"https:\/\/www.visionweb.com.ar\/index.php?rest_route=\/wp\/v2\/media\/9171"}],"wp:attachment":[{"href":"https:\/\/www.visionweb.com.ar\/index.php?rest_route=%2Fwp%2Fv2%2Fmedia&parent=10323"}],"wp:term":[{"taxonomy":"category","embeddable":true,"href":"https:\/\/www.visionweb.com.ar\/index.php?rest_route=%2Fwp%2Fv2%2Fcategories&post=10323"},{"taxonomy":"post_tag","embeddable":true,"href":"https:\/\/www.visionweb.com.ar\/index.php?rest_route=%2Fwp%2Fv2%2Ftags&post=10323"}],"curies":[{"name":"wp","href":"https:\/\/api.w.org\/{rel}","templated":true}]}}