{"id":10317,"date":"2023-04-14T07:50:47","date_gmt":"2023-04-14T10:50:47","guid":{"rendered":"https:\/\/www.visionweb.com.ar\/?p=10317"},"modified":"2023-04-13T21:49:48","modified_gmt":"2023-04-14T00:49:48","slug":"el-senado-dela-nacion-aprobo-la-ley-lucio","status":"publish","type":"post","link":"https:\/\/www.visionweb.com.ar\/?p=10317","title":{"rendered":"El Senado dela Naci\u00f3n aprob\u00f3 la Ley Lucio"},"content":{"rendered":"<p><em><strong>El proyecto fue aprobado por unanimidad, por 65 votos afirmativos. La normativa impulsa la necesidad de capacitar a la ciudadan\u00eda\u00a0 contra la violencia sobre ni\u00f1os y adolescentes.<\/strong><\/em><!--more--><\/p>\n<div id=\"attachment_10318\" style=\"width: 310px\" class=\"wp-caption alignright\"><img loading=\"lazy\" decoding=\"async\" aria-describedby=\"caption-attachment-10318\" class=\"wp-image-10318 size-medium\" src=\"https:\/\/www.visionweb.com.ar\/wp-content\/uploads\/2023\/04\/LEY-LUCIO-300x200.png\" alt=\"\" width=\"300\" height=\"200\" srcset=\"https:\/\/www.visionweb.com.ar\/wp-content\/uploads\/2023\/04\/LEY-LUCIO-300x200.png 300w, https:\/\/www.visionweb.com.ar\/wp-content\/uploads\/2023\/04\/LEY-LUCIO.png 640w\" sizes=\"auto, (max-width: 300px) 100vw, 300px\" \/><p id=\"caption-attachment-10318\" class=\"wp-caption-text\"><strong><em>Representantes de organizaciones civiles que impulsaron la iniciativa se abrazan tras la sanci\u00f3n de la Ley (Foto: Prensa Senado de la Naci\u00f3n) <\/em> <\/strong><\/p><\/div>\n<p><strong>\u00a0 \u00a0 \u00a0 \u00a0 \u00a0E<\/strong>l Senado de la Naci\u00f3n aprob\u00f3 este jueves con 65 votos (mayor\u00eda absoluta), el proyectod e \u00abLey Lucio\u00bb, que\u00a0 que ven\u00eda con media sanci\u00f3n de la C\u00e1mara de Diputados, aprobada en noviembre \u00faltimo y la c\u00e1mara alta hab\u00eda postergado su tratamiento.<\/p>\n<p>El proyecto crea y le da forma legal al Plan Federal de Capacitaci\u00f3n de car\u00e1cter continuo, permanente y obligatorio, en derechos de los ni\u00f1os, ni\u00f1as y adolescentes.<\/p>\n<p>La Ley Lucio, cuando sea promulgada, alcanzar\u00e1 a todas las personas que se desempe\u00f1en en la funci\u00f3n p\u00fablica en todos sus niveles y jerarqu\u00edas en los poderes Ejecutivo, Legislativo y Judicial.<\/p>\n<p>La capacitaci\u00f3n prevista puede extenderse a administraciones provinciales y municipales y organizaciones sociales, deportivas, recreativas y culturales.<\/p>\n<p>Tambi\u00e9n propone campa\u00f1as de concientizaci\u00f3n en medios de comunicaci\u00f3n y redes sociales, estableciendo una difusi\u00f3n de car\u00e1cter semestral de las iniciativas para informar sobre los derechos de los ni\u00f1os y c\u00f3mo evitar las situaciones abusivas.<\/p>\n<p>El proyecto hab\u00eda recibido la media sanci\u00f3n el 9 de noviembre de 2022 y la C\u00e1mara alta posterg\u00f3 el tratamiento hasta este jueves.<\/p>\n<p>Incluso, tras el pedido de familiares del ni\u00f1o, legisladores y hasta la presidenta de la C\u00e1mara de Diputados, Cecilia Moreau, el presidente de la Naci\u00f3n incluy\u00f3 el texto al temario de extraordinarias durante el mes de febrero.<\/p>\n<p>Algunos de los principios fundamentales de la ley son velar por el respeto de la Convenci\u00f3n de los Derechos del Ni\u00f1o, incorporada a la Constituci\u00f3n Nacional y por las disposiciones de la Ley 26.061 de Protecci\u00f3n Integral de los Derechos de Ni\u00f1as, Ni\u00f1os y Adolescentes.<\/p>\n<p>Adem\u00e1s deber\u00e1 generar las condiciones para una convivencia social fundada en v\u00ednculos de afecto y confianza que se definen como \u201cbuen trato\u201d, fundamental para el desarrollo de proyectos de vida por parte de las nuevas generaciones.<\/p>\n<p>Entre los fundamentos, la iniciativa\u00a0 apunta a promover los espacios y metodolog\u00edas necesarias al efecto de garantizar el derecho a ser o\u00eddos de las Ni\u00f1as Ni\u00f1os y Adolescentes en todos los procesos administrativos y judiciales, conforme el principio de la autonom\u00eda progresiva, receptado tanto en la Ley 26.061 como en el C\u00f3digo Civil y Comercial de la Naci\u00f3n.<\/p>\n<p>Adem\u00e1s, se deber\u00e1 propiciar el derecho a la Participaci\u00f3n de Ni\u00f1as, Ni\u00f1os y Adolescentes, en los distintos \u00e1mbitos sociales y comunitarios, poniendo \u00e9nfasis en la posibilidad de incidir en el dise\u00f1o de pol\u00edticas p\u00fablicas que afectan sus intereses y derechos.<\/p>\n<p>La autoridad de aplicaci\u00f3n de la ley ser\u00e1 la Secretaria Nacional de Ni\u00f1ez, Adolescencia y Familia (Senaf), dependiente del Ministerio de Desarrollo Social de la Naci\u00f3n, que ser\u00e1 la encargada de elaborar los contenidos del Plan Federal de Capacitaci\u00f3n en articulaci\u00f3n con el Consejo Federal de Ni\u00f1ez, Adolescencia y Familia (Cofenaf)<strong>(VW)<\/strong>.<\/p>\n<p>&nbsp;<\/p>\n","protected":false},"excerpt":{"rendered":"<p>El proyecto fue aprobado por unanimidad, por 65 votos afirmativos. La normativa impulsa la necesidad de capacitar a la ciudadan\u00eda\u00a0 contra la violencia sobre ni\u00f1os y adolescentes.<\/p>\n","protected":false},"author":3,"featured_media":10318,"comment_status":"closed","ping_status":"closed","sticky":false,"template":"","format":"standard","meta":{"_monsterinsights_skip_tracking":false,"_monsterinsights_sitenote_active":false,"_monsterinsights_sitenote_note":"","_monsterinsights_sitenote_category":0,"footnotes":""},"categories":[4],"tags":[4276,4275,4277,468],"class_list":["post-10317","post","type-post","status-publish","format-standard","has-post-thumbnail","hentry","category-politica","tag-aprobada","tag-ley-lucio","tag-mayoria","tag-senado"],"_links":{"self":[{"href":"https:\/\/www.visionweb.com.ar\/index.php?rest_route=\/wp\/v2\/posts\/10317","targetHints":{"allow":["GET"]}}],"collection":[{"href":"https:\/\/www.visionweb.com.ar\/index.php?rest_route=\/wp\/v2\/posts"}],"about":[{"href":"https:\/\/www.visionweb.com.ar\/index.php?rest_route=\/wp\/v2\/types\/post"}],"author":[{"embeddable":true,"href":"https:\/\/www.visionweb.com.ar\/index.php?rest_route=\/wp\/v2\/users\/3"}],"replies":[{"embeddable":true,"href":"https:\/\/www.visionweb.com.ar\/index.php?rest_route=%2Fwp%2Fv2%2Fcomments&post=10317"}],"version-history":[{"count":1,"href":"https:\/\/www.visionweb.com.ar\/index.php?rest_route=\/wp\/v2\/posts\/10317\/revisions"}],"predecessor-version":[{"id":10319,"href":"https:\/\/www.visionweb.com.ar\/index.php?rest_route=\/wp\/v2\/posts\/10317\/revisions\/10319"}],"wp:featuredmedia":[{"embeddable":true,"href":"https:\/\/www.visionweb.com.ar\/index.php?rest_route=\/wp\/v2\/media\/10318"}],"wp:attachment":[{"href":"https:\/\/www.visionweb.com.ar\/index.php?rest_route=%2Fwp%2Fv2%2Fmedia&parent=10317"}],"wp:term":[{"taxonomy":"category","embeddable":true,"href":"https:\/\/www.visionweb.com.ar\/index.php?rest_route=%2Fwp%2Fv2%2Fcategories&post=10317"},{"taxonomy":"post_tag","embeddable":true,"href":"https:\/\/www.visionweb.com.ar\/index.php?rest_route=%2Fwp%2Fv2%2Ftags&post=10317"}],"curies":[{"name":"wp","href":"https:\/\/api.w.org\/{rel}","templated":true}]}}