{"id":10313,"date":"2023-04-13T11:36:37","date_gmt":"2023-04-13T14:36:37","guid":{"rendered":"https:\/\/www.visionweb.com.ar\/?p=10313"},"modified":"2023-04-13T11:36:37","modified_gmt":"2023-04-13T14:36:37","slug":"almirante-brown-llega-una-nueva-edicion-del-festival-japones-burzaco-matsuri","status":"publish","type":"post","link":"https:\/\/www.visionweb.com.ar\/?p=10313","title":{"rendered":"Almirante Brown: Llega una nueva edici\u00f3n del festival japon\u00e9s \u00abBurzaco Matsuri\u00bb"},"content":{"rendered":"<p><em><strong>Ser\u00e1 este domingo 16, y ser\u00e1 un acercamiento a las costumbres japonesas, donde habr\u00e1 presentaciones de judo, karate, taico, productos artesanales, gastronom\u00eda, entre otras propuestas.<\/strong><\/em><!--more--><\/p>\n<p><strong><img loading=\"lazy\" decoding=\"async\" class=\"size-full wp-image-10314 alignright\" src=\"https:\/\/www.visionweb.com.ar\/wp-content\/uploads\/2023\/04\/festival-japones.png\" alt=\"\" width=\"225\" height=\"225\" srcset=\"https:\/\/www.visionweb.com.ar\/wp-content\/uploads\/2023\/04\/festival-japones.png 225w, https:\/\/www.visionweb.com.ar\/wp-content\/uploads\/2023\/04\/festival-japones-150x150.png 150w, https:\/\/www.visionweb.com.ar\/wp-content\/uploads\/2023\/04\/festival-japones-80x80.png 80w, https:\/\/www.visionweb.com.ar\/wp-content\/uploads\/2023\/04\/festival-japones-65x65.png 65w\" sizes=\"auto, (max-width: 225px) 100vw, 225px\" \/>\u00a0 E<\/strong>l pr\u00f3ximo domingo se realizar\u00e1 la edici\u00f3n n\u00famero 12 del\u00a0festival<strong> \u00abBurzaco Matsuri\u00bb, <\/strong>que organiza \u00a0la <strong>Asociaci\u00f3n<\/strong> <strong>Japonesa<\/strong> <strong>Burzaco<\/strong>, un encuentro que este a\u00f1o tendr\u00e1 como marco el\u00a0<strong>125 aniversario de las relaciones diplom\u00e1ticas entre Jap\u00f3n y Argentina, y que es un homenaje a la cultura nipona en s\u00ed mismo.<\/strong><\/p>\n<p>As\u00ed, con el puro objetivo de difundir la cultura japonesa,\u00a0<strong>el evento se desarrollar\u00e1 de 10 a 17 en el campo de deporte Kyowa En,\u00a0<\/strong> en la\u00a0<strong>Avenida Monteverde y la calle Jap\u00f3n, en Burzaco<\/strong>.<\/p>\n<p>Este festival es un\u00a0<strong>acercamiento a la vida, a las costumbres, y a la historia de la cultura japonesa\u00a0<\/strong>en nuestra regi\u00f3n, y se podr\u00e1 disfrutar de comidas y de los bailes participativos, adem\u00e1s de una feria de artesan\u00edas.<\/p>\n<p>En el festival habr\u00e1 presentaciones de judo, karate, taico -tambores japoneses- y<strong>\u00a0eisa, la danza okinawesa en honor de los antepasados.<\/strong><\/p>\n<p>Habr\u00e1 m\u00e1s de\u00a0<strong>40 stands de gastronom\u00eda nipona y local<\/strong>, y m\u00e1s de 60 los puestos de artesanos.<\/p>\n<p>Con el\u00a0<strong>bono contribuci\u00f3n de ingreso, el p\u00fablico podr\u00e1 participar de sorteos, y tambi\u00e9n contribuir en una acci\u00f3n solidaria\u00a0<\/strong>a beneficio de instituciones educativas del distrito.<\/p>\n<p>En esta ocasi\u00f3n, el\u00a0<strong>jard\u00edn de Infantes 914 de Glew y la Primaria 49 de Burzaco\u00a0<\/strong>recibir\u00e1n equipamientos para el desarrollo de sus actividades escolares.<\/p>\n<p>En caso de lluvia el festival\u00a0<strong>se reprogramar\u00e1 para el pr\u00f3ximo 23 de abril, <\/strong>informaron desde la Asociaci\u00f3n.<\/p>\n<p><strong>El<\/strong> <strong>origen<\/strong>: El t\u00e9rmino Matsuri no significa otra cosa que\u00a0<strong>festival, y los primeros surgieron en las zonas rurales donde la vida depend\u00eda de la cooperaci\u00f3n\u00a0<\/strong>para hacer frente a las fuerzas de la naturaleza para lo cual ped\u00edan la ayuda del dios Kami.<\/p>\n<p>Hoy, los matsuri siguen vigentes en Jap\u00f3n y\u00a0<strong>contribuyen a crear y reforzar el esp\u00edritu de comunidad\u00a0<\/strong>de su regi\u00f3n.<\/p>\n<p>Burzaco nuclea una de las comunidades m\u00e1s grandes de la provincia, y la comunidad nikkei desarrollaba actividades de floricultura, agricultura y lavander\u00eda.<\/p>\n<p>En<strong>\u00a01940 la Asociaci\u00f3n Japonesa en la Argentina adquiri\u00f3 el predio de Burzaco y se convirti\u00f3 en el lugar de encuentro\u00a0<\/strong>de la colectividad japonesa al punto que, en 1967,\u00a0<strong>Kyowa-En <\/strong>recibi\u00f3 la<strong> visita de los entonces pr\u00edncipes Akihito y Michiko<\/strong>, actuales emperadores de Jap\u00f3n. <strong>(VW)<\/strong><\/p>\n<p>&nbsp;<\/p>\n","protected":false},"excerpt":{"rendered":"<p>Ser\u00e1 este domingo 16, y ser\u00e1 un acercamiento a las costumbres japonesas, donde habr\u00e1 presentaciones de judo, karate, taico, productos artesanales, gastronom\u00eda, entre otras propuestas.<\/p>\n","protected":false},"author":4,"featured_media":10314,"comment_status":"closed","ping_status":"closed","sticky":false,"template":"","format":"standard","meta":{"_monsterinsights_skip_tracking":false,"_monsterinsights_sitenote_active":false,"_monsterinsights_sitenote_note":"","_monsterinsights_sitenote_category":0,"footnotes":""},"categories":[8],"tags":[4273,971,4274],"class_list":["post-10313","post","type-post","status-publish","format-standard","has-post-thumbnail","hentry","category-interes-general","tag-asociacion-japonesa-burzaco","tag-burzaco","tag-festival-matsuri"],"_links":{"self":[{"href":"https:\/\/www.visionweb.com.ar\/index.php?rest_route=\/wp\/v2\/posts\/10313","targetHints":{"allow":["GET"]}}],"collection":[{"href":"https:\/\/www.visionweb.com.ar\/index.php?rest_route=\/wp\/v2\/posts"}],"about":[{"href":"https:\/\/www.visionweb.com.ar\/index.php?rest_route=\/wp\/v2\/types\/post"}],"author":[{"embeddable":true,"href":"https:\/\/www.visionweb.com.ar\/index.php?rest_route=\/wp\/v2\/users\/4"}],"replies":[{"embeddable":true,"href":"https:\/\/www.visionweb.com.ar\/index.php?rest_route=%2Fwp%2Fv2%2Fcomments&post=10313"}],"version-history":[{"count":1,"href":"https:\/\/www.visionweb.com.ar\/index.php?rest_route=\/wp\/v2\/posts\/10313\/revisions"}],"predecessor-version":[{"id":10315,"href":"https:\/\/www.visionweb.com.ar\/index.php?rest_route=\/wp\/v2\/posts\/10313\/revisions\/10315"}],"wp:featuredmedia":[{"embeddable":true,"href":"https:\/\/www.visionweb.com.ar\/index.php?rest_route=\/wp\/v2\/media\/10314"}],"wp:attachment":[{"href":"https:\/\/www.visionweb.com.ar\/index.php?rest_route=%2Fwp%2Fv2%2Fmedia&parent=10313"}],"wp:term":[{"taxonomy":"category","embeddable":true,"href":"https:\/\/www.visionweb.com.ar\/index.php?rest_route=%2Fwp%2Fv2%2Fcategories&post=10313"},{"taxonomy":"post_tag","embeddable":true,"href":"https:\/\/www.visionweb.com.ar\/index.php?rest_route=%2Fwp%2Fv2%2Ftags&post=10313"}],"curies":[{"name":"wp","href":"https:\/\/api.w.org\/{rel}","templated":true}]}}