{"id":10308,"date":"2023-04-13T07:41:06","date_gmt":"2023-04-13T10:41:06","guid":{"rendered":"https:\/\/www.visionweb.com.ar\/?p=10308"},"modified":"2023-04-13T07:52:12","modified_gmt":"2023-04-13T10:52:12","slug":"combustibles-el-gobierno-acordo-con-las-petroleras-aumentos-del-4-mensual-hasta-agosto","status":"publish","type":"post","link":"https:\/\/www.visionweb.com.ar\/?p=10308","title":{"rendered":"Combustibles: El gobierno acord\u00f3 con las petroleras aumentos del 4% mensual"},"content":{"rendered":"<p class=\"news-headline__article-summary\"><em><strong>Las secretar\u00edas de Energ\u00eda y Comercio rubricaron el acuerdo con las empresas YPF, PAE, Ra\u00edzen y Trafigura. Los ajustes se mantendr\u00e1n hasta agosto.\u00a0\u00a0<\/strong><\/em><!--more--><\/p>\n<p><strong><img loading=\"lazy\" decoding=\"async\" class=\"size-medium wp-image-10309 alignleft\" src=\"https:\/\/www.visionweb.com.ar\/wp-content\/uploads\/2023\/04\/COMBUSTIBLES-300x197.png\" alt=\"\" width=\"300\" height=\"197\" srcset=\"https:\/\/www.visionweb.com.ar\/wp-content\/uploads\/2023\/04\/COMBUSTIBLES-300x197.png 300w, https:\/\/www.visionweb.com.ar\/wp-content\/uploads\/2023\/04\/COMBUSTIBLES.png 640w\" sizes=\"auto, (max-width: 300px) 100vw, 300px\" \/>U<\/strong>n aumento de 4 puntos porcentuales\u00a0 para el precio de los combustibles regir\u00e1 a partir de pr\u00f3ximo s\u00e1bado 15 de abril, esquema que se mantendr\u00e1 hasta el 15 de agosto.<\/p>\n<p>El Gobierno nacional acord\u00f3 con las\u00a0<strong>empresas petroleras<\/strong>\u00a0un nuevo esquema de\u00a0<strong>aumentos<\/strong> en los precios de los combustibles durante los pr\u00f3ximos cuatro meses, consignaron desde el ministerio de Econom\u00eda.<\/p>\n<p>El acuerdo, impulsado por el ministerio de Econom\u00eda, fue presentado este mi\u00e9rcoles por la secretaria de Energ\u00eda, Flavia Royon, y el secretario de Comercio, Mat\u00edas Tombolini, con una pauta de ajuste mensual del 4% en los precios de la nafta y el gasoil.<\/p>\n<article class=\"article-body article-body--third-paragraph content-protected-false\">Desde Econom\u00eda se\u00f1alaron que con esta medida se busca \u00abproteger a los consumidores y fomentar la estabilidad en el mercado\u00bb.<\/article>\n<article class=\"article-body article-body--fourth-paragraph content-protected-false\">El nuevo <strong>Precios Justos<\/strong> del sector petrolero fue rubricado en la v\u00edspera por las empresas <strong>YPF, PAE, Ra\u00edzen<\/strong>\u00a0y\u00a0<strong>Trafigura,<\/strong>\u00a0durante un encuentro con Royon y Tombolini en el ministerio de Econom\u00eda.Tras la firma del acuerdo, la titular de Energ\u00eda, Flavia\u00a0 Royon valor\u00f3 \u00abel esfuerzo de las empresas. El Estado ya est\u00e1 haciendo un esfuerzo de manera de contener los precios y anclar la expectativa inflacionaria para que esto no tenga un efecto en los precios y en el bolsillo de la gente\u00bb.<\/p>\n<p>Por su parte, el titular de la cartea de comercio, Mat\u00edas Tombolini expres\u00f3 que: \u201cLa firma de este acuerdo nos permite dar una se\u00f1al de previsibilidad a consumidores, usuarios y empresas y, adem\u00e1s, acompa\u00f1a la hoja de ruta establecida por el ministro Massa que nos impulsa a sostener el equilibrio fiscal y cuidar las reservas\u201d.<\/p>\n<p>Durante el encuentro estuvieron presentes Alejandro Cervi\u00f1o (Gerente de Relaciones Externas y Gubernamentales de Ra\u00edzen Argentina S.A), Agust\u00edn Agraz (Vicepresidente de Relaciones Institucionales de Operaciones Downstream de Pan American Energy), Alejandro Fern\u00e1ndez (Vicepresidente comercial de YPF) y Mart\u00edn Urdapilleta (Gerente General de Trafigura).<\/p>\n<p>El acuerdo de precios anterior rubricado con las petroleras venci\u00f3 en marzo. Con ese convenio el Gobierno les dio luz verde a las empresas para incrementar 4% los precios en diciembre, enero y febrero, mientras que durante el tercer mes del a\u00f1o se las autoriz\u00f3 a subir los valores un 3,8%<strong>(VW)<\/strong>.<\/p>\n<\/article>\n<p>&nbsp;<\/p>\n","protected":false},"excerpt":{"rendered":"<p>Las secretar\u00edas de Energ\u00eda y Comercio rubricaron el acuerdo con las empresas YPF, PAE, Ra\u00edzen y Trafigura. Los ajustes se mantendr\u00e1n hasta agosto.\u00a0\u00a0<\/p>\n","protected":false},"author":3,"featured_media":10309,"comment_status":"closed","ping_status":"closed","sticky":false,"template":"","format":"standard","meta":{"_monsterinsights_skip_tracking":false,"_monsterinsights_sitenote_active":false,"_monsterinsights_sitenote_note":"","_monsterinsights_sitenote_category":0,"footnotes":""},"categories":[8],"tags":[380,445,793,47],"class_list":["post-10308","post","type-post","status-publish","format-standard","has-post-thumbnail","hentry","category-interes-general","tag-acuerdo","tag-gobierno","tag-petroleras","tag-precios"],"_links":{"self":[{"href":"https:\/\/www.visionweb.com.ar\/index.php?rest_route=\/wp\/v2\/posts\/10308","targetHints":{"allow":["GET"]}}],"collection":[{"href":"https:\/\/www.visionweb.com.ar\/index.php?rest_route=\/wp\/v2\/posts"}],"about":[{"href":"https:\/\/www.visionweb.com.ar\/index.php?rest_route=\/wp\/v2\/types\/post"}],"author":[{"embeddable":true,"href":"https:\/\/www.visionweb.com.ar\/index.php?rest_route=\/wp\/v2\/users\/3"}],"replies":[{"embeddable":true,"href":"https:\/\/www.visionweb.com.ar\/index.php?rest_route=%2Fwp%2Fv2%2Fcomments&post=10308"}],"version-history":[{"count":3,"href":"https:\/\/www.visionweb.com.ar\/index.php?rest_route=\/wp\/v2\/posts\/10308\/revisions"}],"predecessor-version":[{"id":10312,"href":"https:\/\/www.visionweb.com.ar\/index.php?rest_route=\/wp\/v2\/posts\/10308\/revisions\/10312"}],"wp:featuredmedia":[{"embeddable":true,"href":"https:\/\/www.visionweb.com.ar\/index.php?rest_route=\/wp\/v2\/media\/10309"}],"wp:attachment":[{"href":"https:\/\/www.visionweb.com.ar\/index.php?rest_route=%2Fwp%2Fv2%2Fmedia&parent=10308"}],"wp:term":[{"taxonomy":"category","embeddable":true,"href":"https:\/\/www.visionweb.com.ar\/index.php?rest_route=%2Fwp%2Fv2%2Fcategories&post=10308"},{"taxonomy":"post_tag","embeddable":true,"href":"https:\/\/www.visionweb.com.ar\/index.php?rest_route=%2Fwp%2Fv2%2Ftags&post=10308"}],"curies":[{"name":"wp","href":"https:\/\/api.w.org\/{rel}","templated":true}]}}