{"id":10304,"date":"2023-04-12T19:11:06","date_gmt":"2023-04-12T22:11:06","guid":{"rendered":"https:\/\/www.visionweb.com.ar\/?p=10304"},"modified":"2023-04-12T19:11:06","modified_gmt":"2023-04-12T22:11:06","slug":"el-preferido-hoy-es-el-dia-internacional-del-helado","status":"publish","type":"post","link":"https:\/\/www.visionweb.com.ar\/?p=10304","title":{"rendered":"El preferido: Hoy es el D\u00eda Internacional del Helado"},"content":{"rendered":"<p><em><strong>Un relevamiento indic\u00f3 que el consumo en nuestro pa\u00eds llega casi a los\u00a07 kilos anuales por persona. Qui\u00e9n invent\u00f3 el helado, la historia, y sus or\u00edgenes.<\/strong><\/em><!--more--><\/p>\n<div id=\"attachment_10305\" style=\"width: 269px\" class=\"wp-caption alignright\"><img loading=\"lazy\" decoding=\"async\" aria-describedby=\"caption-attachment-10305\" class=\"wp-image-10305 size-full\" src=\"https:\/\/www.visionweb.com.ar\/wp-content\/uploads\/2023\/04\/Helado.png\" alt=\"\" width=\"259\" height=\"194\" \/><p id=\"caption-attachment-10305\" class=\"wp-caption-text\">Argentina es uno de los mayores consumidores de helado del mundo. Foto: AFADHYA<\/p><\/div>\n<p><strong>C<\/strong>ada 12 de abril se festeja el D\u00eda Internacional del Helado, fecha promovida por la\u00a0<strong>Asociaci\u00f3n Internacional de Productos L\u00e1cteos<\/strong>, con el objetivo de impulsar su consumo, como tambi\u00e9n festejar y homenajearlo, por ser uno de los favoritos de much\u00edsimas personas alrededor del mundo.<\/p>\n<p>En ese sentido, la Asociaci\u00f3n Fabricantes Artesanales de Helados y Afines de Argentina (AFADHYA), entidad que nuclea a las helader\u00edas artesanales de todo el pa\u00eds, dio a conocer los datos de la \u00faltima investigaci\u00f3n que realizaron, junto a la consultora D\u00b4Alessio IROL, sobre el consumo de helado del pa\u00eds.<\/p>\n<p>Argentina est\u00e1 en el top 10 mundial de los pa\u00edses m\u00e1s consumidores de helado. Seg\u00fan la AFADHYA, cada argentino y argentina consume en promedio anual alrededor de\u00a0<strong>6,9 kilos<\/strong>, lo que nos hace el\u00a0<strong>noveno\u00a0pa\u00eds<\/strong>\u00a0<strong>m\u00e1s<\/strong> <strong>consumidor<\/strong> de helado del mundo.<\/p>\n<p>El relevamiento se realiz\u00f3 durante el \u00faltimo verano y arroj\u00f3 resultados sobre los\u00a0<strong>gustos m\u00e1s elegidos por los argentinos<\/strong>.<\/p>\n<ol>\n<li>Chocolate con almendras<\/li>\n<li>Dulce de leche granizado<\/li>\n<li>Dulce de leche<\/li>\n<li>Sambay\u00f3n<\/li>\n<li>Lim\u00f3n<\/li>\n<li>Frutos Rojos<\/li>\n<li>Tramontana<\/li>\n<li>Chocolate amargo<\/li>\n<li>Mascarpone<\/li>\n<li>Frutilla a la crema<\/li>\n<\/ol>\n<p><strong>El origen del helado:<\/strong><\/p>\n<p>Una teor\u00eda es que los antiguos romanos fueron los inventores del helado, ya que utilizaban nieve, frutas y miel en un taz\u00f3n. Y la leyenda dice que el\u00a0<strong>emperador Ner\u00f3n\u00a0<\/strong>hac\u00eda traer nieve de los Alpes para que le preparasen esta bebida\u00a0helada.<\/p>\n<p>Hay otra versi\u00f3n que se\u00f1ala que los chinos, muchos siglos antes de Cristo, ya mezclaban la nieve de las monta\u00f1as con miel y frutas.<\/p>\n<p>Siglos m\u00e1s tarde, en la corte de\u00a0<strong>Alejandro Magno<\/strong>, se enterraban \u00e1nforas en la nieve que conten\u00edan frutas mezcladas con miel para conservarlas mejor, las cuales eran despu\u00e9s servidas heladas.<\/p>\n<p>Fue reci\u00e9n en el a\u00f1o 1660 que el italiano\u00a0<strong>Procopio\u00a0<\/strong>invent\u00f3 una m\u00e1quina que homogeneizaba las frutas, el az\u00facar y el hielo, con lo que se obten\u00eda una verdadera crema helada, similar a la que conocemos en la actualidad.\u00a0Procopio abri\u00f3 en Par\u00eds el\u00a0<em>Caf\u00e9 Procope<\/em>\u00a0donde se serv\u00edan helados que resultaron muy populares. <strong>(VW)<\/strong><\/p>\n<p>&nbsp;<\/p>\n","protected":false},"excerpt":{"rendered":"<p>Un relevamiento indic\u00f3 que el consumo en nuestro pa\u00eds llega casi a los\u00a07 kilos anuales por persona. Qui\u00e9n invent\u00f3 el helado, la historia, y sus or\u00edgenes.<\/p>\n","protected":false},"author":4,"featured_media":10305,"comment_status":"closed","ping_status":"closed","sticky":false,"template":"","format":"standard","meta":{"_monsterinsights_skip_tracking":false,"_monsterinsights_sitenote_active":false,"_monsterinsights_sitenote_note":"","_monsterinsights_sitenote_category":0,"footnotes":""},"categories":[1],"tags":[3380,4272],"class_list":["post-10304","post","type-post","status-publish","format-standard","has-post-thumbnail","hentry","category-uncategorized","tag-afadhya","tag-dia-internacional-del-helado"],"_links":{"self":[{"href":"https:\/\/www.visionweb.com.ar\/index.php?rest_route=\/wp\/v2\/posts\/10304","targetHints":{"allow":["GET"]}}],"collection":[{"href":"https:\/\/www.visionweb.com.ar\/index.php?rest_route=\/wp\/v2\/posts"}],"about":[{"href":"https:\/\/www.visionweb.com.ar\/index.php?rest_route=\/wp\/v2\/types\/post"}],"author":[{"embeddable":true,"href":"https:\/\/www.visionweb.com.ar\/index.php?rest_route=\/wp\/v2\/users\/4"}],"replies":[{"embeddable":true,"href":"https:\/\/www.visionweb.com.ar\/index.php?rest_route=%2Fwp%2Fv2%2Fcomments&post=10304"}],"version-history":[{"count":1,"href":"https:\/\/www.visionweb.com.ar\/index.php?rest_route=\/wp\/v2\/posts\/10304\/revisions"}],"predecessor-version":[{"id":10306,"href":"https:\/\/www.visionweb.com.ar\/index.php?rest_route=\/wp\/v2\/posts\/10304\/revisions\/10306"}],"wp:featuredmedia":[{"embeddable":true,"href":"https:\/\/www.visionweb.com.ar\/index.php?rest_route=\/wp\/v2\/media\/10305"}],"wp:attachment":[{"href":"https:\/\/www.visionweb.com.ar\/index.php?rest_route=%2Fwp%2Fv2%2Fmedia&parent=10304"}],"wp:term":[{"taxonomy":"category","embeddable":true,"href":"https:\/\/www.visionweb.com.ar\/index.php?rest_route=%2Fwp%2Fv2%2Fcategories&post=10304"},{"taxonomy":"post_tag","embeddable":true,"href":"https:\/\/www.visionweb.com.ar\/index.php?rest_route=%2Fwp%2Fv2%2Ftags&post=10304"}],"curies":[{"name":"wp","href":"https:\/\/api.w.org\/{rel}","templated":true}]}}