{"id":10301,"date":"2023-04-13T08:30:00","date_gmt":"2023-04-13T11:30:00","guid":{"rendered":"https:\/\/www.visionweb.com.ar\/?p=10301"},"modified":"2023-04-12T18:48:15","modified_gmt":"2023-04-12T21:48:15","slug":"avanzo-proyecto-para-eximir-el-pago-de-tasas-adicionales-a-asociaciones-civiles","status":"publish","type":"post","link":"https:\/\/www.visionweb.com.ar\/?p=10301","title":{"rendered":"Avanz\u00f3 proyecto para eximir el pago de tasas adicionales a asociaciones civiles"},"content":{"rendered":"<p><strong><em>La iniciativa de la diputada Luc\u00eda Ia\u00f1ez fue aprobada en la comisi\u00f3n de Clubes y Asociaciones Civiles. Tambi\u00e9n se reunieron las comisiones de Asuntos Constitucionales y Justicia, de Asuntos Culturales y de Trabajo.<\/em><\/strong><!--more--><\/p>\n<p><strong><img loading=\"lazy\" decoding=\"async\" class=\"size-medium wp-image-10302 alignleft\" src=\"https:\/\/www.visionweb.com.ar\/wp-content\/uploads\/2023\/04\/COMISIONES-300x200.png\" alt=\"\" width=\"300\" height=\"200\" srcset=\"https:\/\/www.visionweb.com.ar\/wp-content\/uploads\/2023\/04\/COMISIONES-300x200.png 300w, https:\/\/www.visionweb.com.ar\/wp-content\/uploads\/2023\/04\/COMISIONES.png 640w\" sizes=\"auto, (max-width: 300px) 100vw, 300px\" \/>L<\/strong>a C\u00e1mara de Diputados de la provincia de Buenos Aires concret\u00f3 este martes la primera reuni\u00f3n de trabajo de las comisiones de Clubes y Asociaciones civiles,\u00a0 de Asunsutos Constitucionales y la correspondiente a los temas culturales, del actual ciclo lectivo.<\/p>\n<p>La comisi\u00f3n de Clubes y Asociaciones Civiles, a cargo de la diputada Luciana Padulo, aprob\u00f3 un proyecto de ley que propone eximir a las asociaciones civiles sin fines de lucro del pago de las tasas adicionales por servicio de tr\u00e1mites preferenciales.<\/p>\n<p>La norma aplicar\u00e1 para aquellas entidades que tengan convenio con el Organismo Provincial de Ni\u00f1ez y Adolescencia para la prestaci\u00f3n del servicio de Hogares convivenciales especializados.<\/p>\n<p>Asimismo, avanz\u00f3 en comisi\u00f3n un proyecto de ley que vino con aprobaci\u00f3n desde la C\u00e1mara alta, que establece la obligatoriedad de implementaci\u00f3n de carteler\u00eda y folleter\u00eda en todas las instituciones deportivas bonaerenses, con el objetivo de concientizar sobre la importancia de no generar presi\u00f3n en ni\u00f1as, ni\u00f1os y adolescentes. Se trata de una iniciativa del senador Owen Fern\u00e1ndez,<\/p>\n<p>Del mismo modo, se dio dictamen favorable a una serie de proyectos de declaraci\u00f3n, entre ellos una propuesta del diputado Alberto Conocchiari para conceder inter\u00e9s legislativo<strong> al 120\u00b0 aniversario de Racing Club de Avellaneda.<\/strong><\/p>\n<p>La Comisi\u00f3n de Asuntos Constitucionales y Justicia, presidida por la diputada Susana Gonz\u00e1lez, aprob\u00f3 todos los proyectos que estaban en cronograma del d\u00eda, entre los que se destac\u00f3 la modificaci\u00f3n de la Ley 12.163 de la Caja de Seguridad Social para Psic\u00f3logos.<\/p>\n<p>La reuni\u00f3n cont\u00f3 con la participaci\u00f3n de integrantes de esa instituci\u00f3n quienes tomaron la palabra para analizar los beneficios que trae aparejada esa modificaci\u00f3n en los profesionales de ese sector.<\/p>\n<p>Tambi\u00e9n se aprob\u00f3 el proyecto que instituye a <strong>la primera semana de abril de cada a\u00f1o, como la semana de \u201cLucha Contra el Acoso Sexual Callejero en Raz\u00f3n del G\u00e9nero, Identidad y\/u Orientaci\u00f3n Sexual\u201d.<\/strong><\/p>\n<p>La comisi\u00f3n de Asuntos Culturales, encabezada por la diputada Viviana Dirolli, dio tratamiento a m\u00e1s de una docena de proyectos en la primera reuni\u00f3n del a\u00f1o.<\/p>\n<p>Entre ellos, fueron aprobados por unanimidad la iniciativa de la senadora Mar\u00eda Lorena Mandagar\u00e1n -que ya cuenta con media sanci\u00f3n- y que <strong>declara la ciudad de 25 de mayo \u00abCapital Provincial del Carnaval\u00bb<\/strong>, en virtud de una tradici\u00f3n que data desde fines del siglo XX.<\/p>\n<p>Se aprobaron adem\u00e1s los proyectos de ley que buscan declarar <strong>Personalidad Destacada a Carlos \u00abPapelito\u00bb Brighenti -creador de \u00faltimo circo criollo del pa\u00eds-; al reconocido actor y m\u00fasico Ra\u00fal Lavi\u00e9; y a Ernestina Rivademar, artista pl\u00e1stica, cineasta y gestora cultural de destacada labor en la primera mitad del siglo pasado y que fue la primera directora del Museo Provincial de Bellas Artes \u00abEmilio Petorutti\u00bb.<\/strong><\/p>\n<p>Por otra parte, tambi\u00e9n en su primera reuni\u00f3n del a\u00f1o, la Comisi\u00f3n de Trabajo, encabezada por su presidenta, la diputada Soledad Alonso, deline\u00f3 la agenda para este 2023 y remarc\u00f3 los puntos m\u00e1s importantes a tratar.<\/p>\n<p>Entre ellos se encuentra la creaci\u00f3n de un registro provincial, \u00fanico y obligatorio para los teletrabajadores y teletrabajadoras y los trabajadores y trabajadoras a distancia.<\/p>\n<p>Asimismo, tambi\u00e9n se busca crear un mismo registro para trabajadores y trabajadoras de plataformas en aplicaciones<strong>(VW)<\/strong>.<\/p>\n","protected":false},"excerpt":{"rendered":"<p>La iniciativa de la diputada Luc\u00eda Ia\u00f1ez fue aprobada en la comisi\u00f3n de Clubes y Asociaciones Civiles. Tambi\u00e9n se reunieron las comisiones de Asuntos Constitucionales y Justicia, de Asuntos Culturales y de Trabajo.<\/p>\n","protected":false},"author":3,"featured_media":10302,"comment_status":"closed","ping_status":"closed","sticky":false,"template":"","format":"standard","meta":{"_monsterinsights_skip_tracking":false,"_monsterinsights_sitenote_active":false,"_monsterinsights_sitenote_note":"","_monsterinsights_sitenote_category":0,"footnotes":""},"categories":[4],"tags":[552,1531,143,2039],"class_list":["post-10301","post","type-post","status-publish","format-standard","has-post-thumbnail","hentry","category-politica","tag-buenos-aires","tag-comisiones","tag-diputados","tag-sesion"],"_links":{"self":[{"href":"https:\/\/www.visionweb.com.ar\/index.php?rest_route=\/wp\/v2\/posts\/10301","targetHints":{"allow":["GET"]}}],"collection":[{"href":"https:\/\/www.visionweb.com.ar\/index.php?rest_route=\/wp\/v2\/posts"}],"about":[{"href":"https:\/\/www.visionweb.com.ar\/index.php?rest_route=\/wp\/v2\/types\/post"}],"author":[{"embeddable":true,"href":"https:\/\/www.visionweb.com.ar\/index.php?rest_route=\/wp\/v2\/users\/3"}],"replies":[{"embeddable":true,"href":"https:\/\/www.visionweb.com.ar\/index.php?rest_route=%2Fwp%2Fv2%2Fcomments&post=10301"}],"version-history":[{"count":2,"href":"https:\/\/www.visionweb.com.ar\/index.php?rest_route=\/wp\/v2\/posts\/10301\/revisions"}],"predecessor-version":[{"id":10307,"href":"https:\/\/www.visionweb.com.ar\/index.php?rest_route=\/wp\/v2\/posts\/10301\/revisions\/10307"}],"wp:featuredmedia":[{"embeddable":true,"href":"https:\/\/www.visionweb.com.ar\/index.php?rest_route=\/wp\/v2\/media\/10302"}],"wp:attachment":[{"href":"https:\/\/www.visionweb.com.ar\/index.php?rest_route=%2Fwp%2Fv2%2Fmedia&parent=10301"}],"wp:term":[{"taxonomy":"category","embeddable":true,"href":"https:\/\/www.visionweb.com.ar\/index.php?rest_route=%2Fwp%2Fv2%2Fcategories&post=10301"},{"taxonomy":"post_tag","embeddable":true,"href":"https:\/\/www.visionweb.com.ar\/index.php?rest_route=%2Fwp%2Fv2%2Ftags&post=10301"}],"curies":[{"name":"wp","href":"https:\/\/api.w.org\/{rel}","templated":true}]}}