{"id":10298,"date":"2023-04-13T08:05:00","date_gmt":"2023-04-13T11:05:00","guid":{"rendered":"https:\/\/www.visionweb.com.ar\/?p=10298"},"modified":"2023-04-12T18:26:01","modified_gmt":"2023-04-12T21:26:01","slug":"la-provincia-anuncio-una-linea-de-financiamiento-por-6-000-millones-para-los-municipios","status":"publish","type":"post","link":"https:\/\/www.visionweb.com.ar\/?p=10298","title":{"rendered":"La Provincia anunci\u00f3 una linea de financiamiento por $6.000 millones para los municipios"},"content":{"rendered":"<p><em><strong>El anuncio fue hecho por el gobernador Axel Kichillof y el presidente del Banco Provincia, Juan Cuattromo, en un acto realizado en La Plata.<\/strong><\/em> <!--more--><\/p>\n<p><strong>\u00a0 \u00a0 \u00a0 \u00a0 <img loading=\"lazy\" decoding=\"async\" class=\"size-medium wp-image-10299 alignright\" src=\"https:\/\/www.visionweb.com.ar\/wp-content\/uploads\/2023\/04\/FINACIAMIENTO-INTENDENTES-300x166.png\" alt=\"\" width=\"300\" height=\"166\" srcset=\"https:\/\/www.visionweb.com.ar\/wp-content\/uploads\/2023\/04\/FINACIAMIENTO-INTENDENTES-300x166.png 300w, https:\/\/www.visionweb.com.ar\/wp-content\/uploads\/2023\/04\/FINACIAMIENTO-INTENDENTES.png 640w\" sizes=\"auto, (max-width: 300px) 100vw, 300px\" \/>E<\/strong>l gobernador bonaerense, Axel Kicillof, junto al titular del Banco Provincia de Buenos Aires, Juan Cuattromo anunciaron en la v\u00edspera la cuarta edici\u00f3n de la l\u00ednea de Provincia Leasing dise\u00f1ada para los municipios bonaerenses.<\/p>\n<p>En el acto, que se realizo en el Sal\u00f3n Dorado de Casa de Gobierno, se inform\u00f3 que el\u00a0 monto asciende a 6.000 millones de pesos para el financiamiento de bienes que permitan reforzar sus servicios de obras p\u00fablicas, salud y seguridad, entre otros.<\/p>\n<p>En ese marco, Kicillof destac\u00f3 que \u201ccon Provincia Leasing recuperamos una herramienta que hab\u00eda sido abandonada y que nos permite acompa\u00f1ar a los municipios en la adquisici\u00f3n de bienes de capital\u201d. \u201cEste programa brinda una respuesta a los distritos que, al acceder a mejores fuentes de financiamiento, pueden proyectar obras p\u00fablicas ambiciosas y de largo alcance\u201d, agreg\u00f3.<\/p>\n<p>El programa <strong>Municipios Bonaerenses 2023<\/strong> duplica el monto otorgado durante el a\u00f1o pasado: la nueva l\u00ednea financia la adquisici\u00f3n del bien al 100 por ciento, con plazos de entre 24 y 61 meses,\u00a0 una tasa BADLAR +9 o +9,5 puntos seg\u00fan el plazo, se\u00f1alaron voceros de prensa.<\/p>\n<p>En los \u00faltimos tres\u202fa\u00f1os, el Gobierno provincial asisti\u00f3 con esta herramienta a m\u00e1s\u202fde\u202f85 distritos por m\u00e1s de 6.000 millones, equivalentes a la entrega de m\u00e1s de 12.600 bienes, entre veh\u00edculos, computadoras y accesorios, equipamiento m\u00e9dico, maquinaria vial y luminaria.<\/p>\n<p>Por su parte, Cuattromo explic\u00f3 que \u201cProvincia Leasing es una herramienta que acompa\u00f1a y contribuye a la gesti\u00f3n municipal y que se caracteriza por la velocidad en la ejecuci\u00f3n de los diferentes tipos de financiamiento\u201d.<\/p>\n<p>\u201cPara nosotros es muy importante que el Banco Provincia asuma el compromiso de ofrecer una herramienta que est\u00e9 a la altura de lo que necesitan los distritos para seguir mejorando las condiciones de vida de nuestra poblaci\u00f3n\u201d, subray\u00f3.<\/p>\n<p>Estuvieron presentes el vicepresidente del Banco Provincia, Daniel Barrera; el gerente general, Rub\u00e9n Gonz\u00e1lez Ocantos; el vicepresidente de Provincia Servicios Financieros, Fernando Gelfo y la presidenta de Provincia Leasing, Valeria Dallera.<\/p>\n<p>Tambi\u00e9n participaron los intendentes de San Vicente, Nicol\u00e1s Mantegazza; Brandsen, Daniel Cappelletti; de General Alvear, Ram\u00f3n Capra; de General Belgrano, Osvaldo Din\u00e1poli; de General Lavalle, Jos\u00e9 Rodr\u00edguez Ponte; de Lezama, Arnaldo Harispe; de Magdalena, Gonzalo Peluso; de Maip\u00fa, Mat\u00edas Rappallini; de Merlo, Karina Men\u00e9ndez; de Monte, Jos\u00e9 Castro; de Moreno, Mariel Fern\u00e1ndez; de Pilar, Federico Achaval; de Quilmes, Mayra Mendoza; de Ramallo, Gustavo Peri\u00e9; de Rauch, Maximiliano Suescun; de Rivadavia, Javier Reynoso; y de Saladillo, Jos\u00e9 Luis Salom\u00f3n.<\/p>\n<p>Completaron la lista de jefes comunales presentes, de Salliquel\u00f3, Juan Miguel Nosetti; de San Andr\u00e9s de Giles, Miguel Gesualdi; de San Cayetano, Miguel \u00c1ngel Gargalione; de Suipacha, Alejandro Federico; de Tandil, Miguel \u00c1ngel Lunghi; de Tigre, Julio Zamora; de Berazategui, Juan Jos\u00e9 Mussi; de Las Flores, Alberto Gelen\u00e9; de Benito Ju\u00e1rez, Julio Marini; de Col\u00f3n, Ricardo Casi, de Roque P\u00e9rez, el intendente interino Jos\u00e9 Luis Horna; de Almirante Brown, Juan Jos\u00e9 Fabiani; de Navarro, Facundo Diz; y de Avellaneda, Jorge Ferraresi; y el secretario de Obras P\u00fablicas de Ezeiza, Gast\u00f3n Granados<strong>(VW)<\/strong>.<\/p>\n","protected":false},"excerpt":{"rendered":"<p>El anuncio fue hecho por el gobernador Axel Kichillof y el presidente del Banco Provincia, Juan Cuattromo, en un acto realizado en La Plata.<\/p>\n","protected":false},"author":3,"featured_media":10299,"comment_status":"closed","ping_status":"closed","sticky":false,"template":"","format":"standard","meta":{"_monsterinsights_skip_tracking":false,"_monsterinsights_sitenote_active":false,"_monsterinsights_sitenote_note":"","_monsterinsights_sitenote_category":0,"footnotes":""},"categories":[8],"tags":[4271,954,167,148],"class_list":["post-10298","post","type-post","status-publish","format-standard","has-post-thumbnail","hentry","category-interes-general","tag-cuattromo","tag-financiamiento","tag-kicillof","tag-municipios"],"_links":{"self":[{"href":"https:\/\/www.visionweb.com.ar\/index.php?rest_route=\/wp\/v2\/posts\/10298","targetHints":{"allow":["GET"]}}],"collection":[{"href":"https:\/\/www.visionweb.com.ar\/index.php?rest_route=\/wp\/v2\/posts"}],"about":[{"href":"https:\/\/www.visionweb.com.ar\/index.php?rest_route=\/wp\/v2\/types\/post"}],"author":[{"embeddable":true,"href":"https:\/\/www.visionweb.com.ar\/index.php?rest_route=\/wp\/v2\/users\/3"}],"replies":[{"embeddable":true,"href":"https:\/\/www.visionweb.com.ar\/index.php?rest_route=%2Fwp%2Fv2%2Fcomments&post=10298"}],"version-history":[{"count":1,"href":"https:\/\/www.visionweb.com.ar\/index.php?rest_route=\/wp\/v2\/posts\/10298\/revisions"}],"predecessor-version":[{"id":10300,"href":"https:\/\/www.visionweb.com.ar\/index.php?rest_route=\/wp\/v2\/posts\/10298\/revisions\/10300"}],"wp:featuredmedia":[{"embeddable":true,"href":"https:\/\/www.visionweb.com.ar\/index.php?rest_route=\/wp\/v2\/media\/10299"}],"wp:attachment":[{"href":"https:\/\/www.visionweb.com.ar\/index.php?rest_route=%2Fwp%2Fv2%2Fmedia&parent=10298"}],"wp:term":[{"taxonomy":"category","embeddable":true,"href":"https:\/\/www.visionweb.com.ar\/index.php?rest_route=%2Fwp%2Fv2%2Fcategories&post=10298"},{"taxonomy":"post_tag","embeddable":true,"href":"https:\/\/www.visionweb.com.ar\/index.php?rest_route=%2Fwp%2Fv2%2Ftags&post=10298"}],"curies":[{"name":"wp","href":"https:\/\/api.w.org\/{rel}","templated":true}]}}