{"id":10293,"date":"2023-04-12T17:55:48","date_gmt":"2023-04-12T20:55:48","guid":{"rendered":"https:\/\/www.visionweb.com.ar\/?p=10293"},"modified":"2023-04-12T17:55:48","modified_gmt":"2023-04-12T20:55:48","slug":"se-viene-la-9a-edicion-de-la-fiesta-de-la-miel-en-san-vicente","status":"publish","type":"post","link":"https:\/\/www.visionweb.com.ar\/?p=10293","title":{"rendered":"Se viene la 9\u00aa Edici\u00f3n de la Fiesta de la Miel en San Vicente"},"content":{"rendered":"<p><strong><em>Se realizar\u00e1 en la vieja estaci\u00f3n ferroviaria. Se espera la participaci\u00f3n de productores regionales, charlas y Olimp\u00edadas Ap\u00edcolas en una propuesta ideal para el pr\u00f3ximo fin de semana.<\/em><\/strong><!--more--><\/p>\n<div id=\"attachment_10296\" style=\"width: 310px\" class=\"wp-caption alignright\"><img loading=\"lazy\" decoding=\"async\" aria-describedby=\"caption-attachment-10296\" class=\"wp-image-10296 size-medium\" src=\"https:\/\/www.visionweb.com.ar\/wp-content\/uploads\/2023\/04\/FIESTA-DE-LA-MIEL-300x200.png\" alt=\"\" width=\"300\" height=\"200\" srcset=\"https:\/\/www.visionweb.com.ar\/wp-content\/uploads\/2023\/04\/FIESTA-DE-LA-MIEL-300x200.png 300w, https:\/\/www.visionweb.com.ar\/wp-content\/uploads\/2023\/04\/FIESTA-DE-LA-MIEL.png 640w\" sizes=\"auto, (max-width: 300px) 100vw, 300px\" \/><p id=\"caption-attachment-10296\" class=\"wp-caption-text\"><em><strong>La imagen corresponde ala \u00faltima edici\u00f3n dela Fiesta realizada el a\u00f1o pasado(Facebook). <\/strong><\/em><\/p><\/div>\n<p><strong>E<\/strong>l s\u00e1bado 15 y el domingo 16 de abril se realizar\u00e1 la 9\u00b0 Fiesta Regional de la Miel en la ciudad bonaerense de San Vicente.<\/p>\n<p>La Feria, que contar\u00e1 con el acompa\u00f1amiento de la Cooperativa Ap\u00edcola San Vicente, se realizar\u00e1 en el remozado Predio Vieja Estaci\u00f3n, que ya cuenta con su nueva iluminaci\u00f3n y veredas perimetrales nuevas<\/p>\n<p>La propuesta contar\u00e1 con cata de mieles, venta de productos y n\u00fameros art\u00edsticos, entre otras actividades. Conoc\u00e9 todos los detalles de este evento ideal para disfrutar durante el fin de semana.<\/p>\n<p>La fiesta comenzar\u00e1 a las 11 horas, en el predio Ferial San Vicente Vieja Estaci\u00f3n, ubicado en Avenida Sarmiento al 1000.<\/p>\n<p>En el evento, vecinos y visitantes podr\u00e1n disfrutar de cata de mieles, charlas t\u00e9cnicas, exposici\u00f3n de productos regionales, ventas de insumos, espect\u00e1culos art\u00edsticos y una amplia oferta gastron\u00f3mica.<\/p>\n<p>Adem\u00e1s, habr\u00e1 una presentaci\u00f3n sobre cosm\u00e9tica natural y medicina ap\u00edcola, polivitam\u00ednicos y prop\u00f3leo en soluci\u00f3n madre al 20%. A su vez, los alumnos de las escuelas agrot\u00e9cnicas participar\u00e1n de las Olimp\u00edadas Ap\u00edcolas. Tambi\u00e9n habr\u00e1 un concurso fotogr\u00e1fico.<\/p>\n<p>\u00abPodremos saborear mieles especiadas con jengibre, c\u00farcuma, cardamomo, jalape\u00f1os; caramelos de este dulce saborizados con eucalipto, jengibre, tilo; alfajores elaborados desde la masa con miel y sin ning\u00fan conservante, rellenos de miel y caf\u00e9\u00bb, adelant\u00f3 el presidente del Club Argentino de Servicio San Vicente, Pablo Chamar\u00e9z, en declaraciones a medios regionales.<\/p>\n<p>A su vez, cont\u00f3 tambi\u00e9n se podr\u00e1 probar otros productos innovadores como la hidromiel y el licor de miel. Tambi\u00e9n los visitantes dispondr\u00e1n de los productos b\u00e1sicos de la colmena como polen, prop\u00f3leo y cera.<\/p>\n<p>\u00abCerca de treinta colegas, amigos y emprendedores ap\u00edcolas se volver\u00e1n a encontrar en nuestro distrito donde cooperativas, asociaciones y organismos del estado mostraron sus logros y futuros proyectos a un p\u00fablico siempre interesado en la producci\u00f3n\u00bb, remarc\u00f3 el presidente del Club Argentino de Servicio San Vicente.<\/p>\n<p>La Fiesta Regional de la Miel es el segundo encuentro m\u00e1s popular sanvicentina en importancia, luego de la Fiesta Provincial de la Mozzarella.<\/p>\n<p>La provincia de Buenos Aires es la mayor productora de miel a nivel nacional y, por las diferentes floraciones, ofrece una amplia diversidad de sabores producidos en todos los puntos geogr\u00e1ficos del territorio<strong>(VW)<\/strong>.<\/p>\n<p>&nbsp;<\/p>\n","protected":false},"excerpt":{"rendered":"<p>Se realizar\u00e1 en la vieja estaci\u00f3n ferroviaria. Se espera la participaci\u00f3n de productores regionales, charlas y Olimp\u00edadas Ap\u00edcolas en una propuesta ideal para el pr\u00f3ximo fin de semana.<\/p>\n","protected":false},"author":3,"featured_media":10296,"comment_status":"closed","ping_status":"closed","sticky":false,"template":"","format":"standard","meta":{"_monsterinsights_skip_tracking":false,"_monsterinsights_sitenote_active":false,"_monsterinsights_sitenote_note":"","_monsterinsights_sitenote_category":0,"footnotes":""},"categories":[8,1317],"tags":[1535,2058,1564],"class_list":["post-10293","post","type-post","status-publish","format-standard","has-post-thumbnail","hentry","category-interes-general","category-sabores-y-tendencias","tag-fiesta","tag-miel","tag-san-vicente"],"_links":{"self":[{"href":"https:\/\/www.visionweb.com.ar\/index.php?rest_route=\/wp\/v2\/posts\/10293","targetHints":{"allow":["GET"]}}],"collection":[{"href":"https:\/\/www.visionweb.com.ar\/index.php?rest_route=\/wp\/v2\/posts"}],"about":[{"href":"https:\/\/www.visionweb.com.ar\/index.php?rest_route=\/wp\/v2\/types\/post"}],"author":[{"embeddable":true,"href":"https:\/\/www.visionweb.com.ar\/index.php?rest_route=\/wp\/v2\/users\/3"}],"replies":[{"embeddable":true,"href":"https:\/\/www.visionweb.com.ar\/index.php?rest_route=%2Fwp%2Fv2%2Fcomments&post=10293"}],"version-history":[{"count":1,"href":"https:\/\/www.visionweb.com.ar\/index.php?rest_route=\/wp\/v2\/posts\/10293\/revisions"}],"predecessor-version":[{"id":10297,"href":"https:\/\/www.visionweb.com.ar\/index.php?rest_route=\/wp\/v2\/posts\/10293\/revisions\/10297"}],"wp:featuredmedia":[{"embeddable":true,"href":"https:\/\/www.visionweb.com.ar\/index.php?rest_route=\/wp\/v2\/media\/10296"}],"wp:attachment":[{"href":"https:\/\/www.visionweb.com.ar\/index.php?rest_route=%2Fwp%2Fv2%2Fmedia&parent=10293"}],"wp:term":[{"taxonomy":"category","embeddable":true,"href":"https:\/\/www.visionweb.com.ar\/index.php?rest_route=%2Fwp%2Fv2%2Fcategories&post=10293"},{"taxonomy":"post_tag","embeddable":true,"href":"https:\/\/www.visionweb.com.ar\/index.php?rest_route=%2Fwp%2Fv2%2Ftags&post=10293"}],"curies":[{"name":"wp","href":"https:\/\/api.w.org\/{rel}","templated":true}]}}