{"id":10289,"date":"2023-04-12T14:18:56","date_gmt":"2023-04-12T17:18:56","guid":{"rendered":"https:\/\/www.visionweb.com.ar\/?p=10289"},"modified":"2023-04-12T14:18:56","modified_gmt":"2023-04-12T17:18:56","slug":"miercoles-de-cortes-con-paro-de-colectivos-y-de-la-cta-autonoma","status":"publish","type":"post","link":"https:\/\/www.visionweb.com.ar\/?p=10289","title":{"rendered":"Mi\u00e9rcoles de cortes, con paro de colectivos y de la CTA Aut\u00f3noma"},"content":{"rendered":"<p><em><strong>Contin\u00faa el paro de colectivos del Costera y por su parte, la CTA Aut\u00f3noma realiza una jornada de \u201cparos y movilizaciones en todo el pa\u00eds\u201d.<\/strong><\/em><!--more--><\/p>\n<p><img loading=\"lazy\" decoding=\"async\" class=\"size-full wp-image-10290 alignright\" src=\"https:\/\/www.visionweb.com.ar\/wp-content\/uploads\/2023\/04\/colectivo-195.png\" alt=\"\" width=\"284\" height=\"177\" \/>\u00a0 <strong>L<\/strong>a empresa de transporte de colectivos conocida como Costera realiza desde ayer un paro que hoy contin\u00faa, y desde esta ma\u00f1ana se suma la jornada nacional de protesta organizada por la CTA Aut\u00f3noma.<\/p>\n<p>De esta manera, la CTA Aut\u00f3noma (<a href=\"https:\/\/twitter.com\/CTAAutonoma\">CTA-A<\/a>) realiza, junto con diversas organizaciones sociales y pol\u00edticas, una jornada de \u201cparos y movilizaciones en todo el pa\u00eds\u201d\u00a0bajo la consigna \u201cbasta de pol\u00edticas del FMI\u201d y para reclamar \u201caumento salarial de emergencia\u201d para \u201ctrabajadores formales, informales y jubilados\u201d, adem\u00e1s de \u201csalario universal para terminar con el hambre y la pobreza\u201d.<\/p>\n<p>Por su parte, la empresa Costera emiti\u00f3 ayer un comunicado en el que ratific\u00f3 sus reclamos y extendi\u00f3 la medida de fuerza al d\u00eda de hoy y a m\u00e1s l\u00edneas de transporte.<\/p>\n<p>La medida de fuerza tuvo su primera aparici\u00f3n el martes, y parec\u00eda que el tema se hab\u00eda solucionado, sin embargo, desde la empresa volvieron a parar de sus servicios dejando a miles de usuarios sin la posibilidad de viajar hasta sus destinos.<\/p>\n<p>\u00abLamentamos informar que, debido al reiterado incumplimiento del\u00a0<strong>Ministerio de Transporte de la Naci\u00f3n\u00a0<\/strong>a la medida judicial dictada en favor de\u00a0<strong>Metropol<\/strong>, ratificada en varias instancias por el juez de la causa, a partir las 00:00hs del mi\u00e9rcoles 12 de abril\u00a0<strong>se interrumpir\u00e1n los servicios de las L\u00edneas 65, 90, 151, 176, 194, 195, 228, 237, 276, 310, 322, 326, 327, 336, 365, 386, 392, 448, 503, 504, 507, 510, 670, por falta de recursos para operar<\/strong>\u00ab, inform\u00f3 anoche Metropol.<\/p>\n<p>El paro empresarial \u00abse origina debido a\u00a0<strong>la quita injustificada, desde hace 16 meses, del 15% de los ingresos de la empresa<\/strong>, situaci\u00f3n que fue llevada a la Justicia mediante una medida cautelar con un fallo favorable ya ratificado en varias instancias, el cual viene siendo desobedecido por parte del Ministerio de Transporte de la Naci\u00f3n\u00bb, se\u00f1alaron desde Metropol. <strong>(VW)<\/strong><\/p>\n<p>&nbsp;<\/p>\n","protected":false},"excerpt":{"rendered":"<p>Contin\u00faa el paro de colectivos del Costera y por su parte, la CTA Aut\u00f3noma realiza una jornada de \u201cparos y movilizaciones en todo el pa\u00eds\u201d.<\/p>\n","protected":false},"author":4,"featured_media":10290,"comment_status":"closed","ping_status":"closed","sticky":false,"template":"","format":"standard","meta":{"_monsterinsights_skip_tracking":false,"_monsterinsights_sitenote_active":false,"_monsterinsights_sitenote_note":"","_monsterinsights_sitenote_category":0,"footnotes":""},"categories":[8],"tags":[277,4269,4268,2289,833],"class_list":["post-10289","post","type-post","status-publish","format-standard","has-post-thumbnail","hentry","category-interes-general","tag-cortes","tag-cta-autonoma","tag-la-costera","tag-movilizacion","tag-paro-de-colectivos"],"_links":{"self":[{"href":"https:\/\/www.visionweb.com.ar\/index.php?rest_route=\/wp\/v2\/posts\/10289","targetHints":{"allow":["GET"]}}],"collection":[{"href":"https:\/\/www.visionweb.com.ar\/index.php?rest_route=\/wp\/v2\/posts"}],"about":[{"href":"https:\/\/www.visionweb.com.ar\/index.php?rest_route=\/wp\/v2\/types\/post"}],"author":[{"embeddable":true,"href":"https:\/\/www.visionweb.com.ar\/index.php?rest_route=\/wp\/v2\/users\/4"}],"replies":[{"embeddable":true,"href":"https:\/\/www.visionweb.com.ar\/index.php?rest_route=%2Fwp%2Fv2%2Fcomments&post=10289"}],"version-history":[{"count":1,"href":"https:\/\/www.visionweb.com.ar\/index.php?rest_route=\/wp\/v2\/posts\/10289\/revisions"}],"predecessor-version":[{"id":10291,"href":"https:\/\/www.visionweb.com.ar\/index.php?rest_route=\/wp\/v2\/posts\/10289\/revisions\/10291"}],"wp:featuredmedia":[{"embeddable":true,"href":"https:\/\/www.visionweb.com.ar\/index.php?rest_route=\/wp\/v2\/media\/10290"}],"wp:attachment":[{"href":"https:\/\/www.visionweb.com.ar\/index.php?rest_route=%2Fwp%2Fv2%2Fmedia&parent=10289"}],"wp:term":[{"taxonomy":"category","embeddable":true,"href":"https:\/\/www.visionweb.com.ar\/index.php?rest_route=%2Fwp%2Fv2%2Fcategories&post=10289"},{"taxonomy":"post_tag","embeddable":true,"href":"https:\/\/www.visionweb.com.ar\/index.php?rest_route=%2Fwp%2Fv2%2Ftags&post=10289"}],"curies":[{"name":"wp","href":"https:\/\/api.w.org\/{rel}","templated":true}]}}