{"id":10286,"date":"2023-04-12T13:41:08","date_gmt":"2023-04-12T16:41:08","guid":{"rendered":"https:\/\/www.visionweb.com.ar\/?p=10286"},"modified":"2023-04-12T13:41:08","modified_gmt":"2023-04-12T16:41:08","slug":"grindetti-tomara-licencia-a-la-intendencia-de-lanus-y-lo-reemplazara-kravetz","status":"publish","type":"post","link":"https:\/\/www.visionweb.com.ar\/?p=10286","title":{"rendered":"Grindetti tomar\u00e1 licencia a la intendencia de Lan\u00fas y lo reemplazar\u00e1 Kravetz"},"content":{"rendered":"<p><em><strong>Ser\u00e1 por 30 d\u00edas para asumir la presidencia interina en el Club Independiente.<\/strong><\/em><!--more--><\/p>\n<p><strong><img loading=\"lazy\" decoding=\"async\" class=\"size-full wp-image-10287 alignright\" src=\"https:\/\/www.visionweb.com.ar\/wp-content\/uploads\/2023\/04\/grindetti-y-kravetz.png\" alt=\"\" width=\"259\" height=\"195\" \/>\u00a0\u00a0 E<\/strong>l intendente de Lan\u00fas <a href=\"https:\/\/twitter.com\/Nestorgrindetti\">N\u00e9stor Grindetti<\/a>\u00a0confirm\u00f3 ayer que se tomar\u00e1 licencia en ese cargo, \u00a0y lo reemplazar\u00e1 el Jefe de Gabinete Diego Kravetz, y de esta manera asumir\u00e1 <strong>la presidencia interina del Club Atl\u00e9tico Independiente tras la denuncia de Fabi\u00e1n Doman.<\/strong><\/p>\n<p>De acuerdo a lo informado, ser\u00e1n 30 d\u00edas de licencia de Grindetti, y\u00a0<strong>en el Municipio de Lan\u00fas ser\u00e1 reemplazado por el jefe de Gabinete y responsable del \u00e1rea de Seguridad, Diego Kravetz.<\/strong><\/p>\n<p>El anuncio se har\u00e1 esta tarde a trav\u00e9s de un video que se difundir\u00e1 en las redes sociales.<\/p>\n<p><strong>\u201cQuiero contarles a todos los socios e hinchas de Independiente que ante la renuncia de Fabi\u00e1n Doman como Presidente de nuestro club, voy a asumir ese mismo cargo de forma interina como marca el estatuto\u201d<\/strong>, dijo Grindetti ayer.<\/p>\n<p>Y reflexion\u00f3: \u201cDesde que esta comisi\u00f3n asumi\u00f3 se ha logrado reducir el d\u00e9ficit operativo, conseguimos sponsors para aumentar los ingresos y seguimos trabajando para solucionar los terribles problemas que hemos heredado de la gesti\u00f3n anterior. El camino no es sencillo pero estoy seguro de que entre todos vamos a poder encontrar las soluciones que necesitamos\u201d. <strong>(VW)<\/strong><\/p>\n<p>&nbsp;<\/p>\n<p>&nbsp;<\/p>\n","protected":false},"excerpt":{"rendered":"<p>Ser\u00e1 por 30 d\u00edas para asumir la presidencia interina en el Club Independiente.<\/p>\n","protected":false},"author":4,"featured_media":10287,"comment_status":"closed","ping_status":"closed","sticky":false,"template":"","format":"standard","meta":{"_monsterinsights_skip_tracking":false,"_monsterinsights_sitenote_active":false,"_monsterinsights_sitenote_note":"","_monsterinsights_sitenote_category":0,"footnotes":""},"categories":[8,4],"tags":[4267,3991,4266,4265],"class_list":["post-10286","post","type-post","status-publish","format-standard","has-post-thumbnail","hentry","category-interes-general","category-politica","tag-club-independiente","tag-diego-kravetz","tag-intendencia-de-lanus","tag-nestor-grindetti"],"_links":{"self":[{"href":"https:\/\/www.visionweb.com.ar\/index.php?rest_route=\/wp\/v2\/posts\/10286","targetHints":{"allow":["GET"]}}],"collection":[{"href":"https:\/\/www.visionweb.com.ar\/index.php?rest_route=\/wp\/v2\/posts"}],"about":[{"href":"https:\/\/www.visionweb.com.ar\/index.php?rest_route=\/wp\/v2\/types\/post"}],"author":[{"embeddable":true,"href":"https:\/\/www.visionweb.com.ar\/index.php?rest_route=\/wp\/v2\/users\/4"}],"replies":[{"embeddable":true,"href":"https:\/\/www.visionweb.com.ar\/index.php?rest_route=%2Fwp%2Fv2%2Fcomments&post=10286"}],"version-history":[{"count":1,"href":"https:\/\/www.visionweb.com.ar\/index.php?rest_route=\/wp\/v2\/posts\/10286\/revisions"}],"predecessor-version":[{"id":10288,"href":"https:\/\/www.visionweb.com.ar\/index.php?rest_route=\/wp\/v2\/posts\/10286\/revisions\/10288"}],"wp:featuredmedia":[{"embeddable":true,"href":"https:\/\/www.visionweb.com.ar\/index.php?rest_route=\/wp\/v2\/media\/10287"}],"wp:attachment":[{"href":"https:\/\/www.visionweb.com.ar\/index.php?rest_route=%2Fwp%2Fv2%2Fmedia&parent=10286"}],"wp:term":[{"taxonomy":"category","embeddable":true,"href":"https:\/\/www.visionweb.com.ar\/index.php?rest_route=%2Fwp%2Fv2%2Fcategories&post=10286"},{"taxonomy":"post_tag","embeddable":true,"href":"https:\/\/www.visionweb.com.ar\/index.php?rest_route=%2Fwp%2Fv2%2Ftags&post=10286"}],"curies":[{"name":"wp","href":"https:\/\/api.w.org\/{rel}","templated":true}]}}