{"id":10281,"date":"2023-04-12T07:00:10","date_gmt":"2023-04-12T10:00:10","guid":{"rendered":"https:\/\/www.visionweb.com.ar\/?p=10281"},"modified":"2023-04-11T22:55:29","modified_gmt":"2023-04-12T01:55:29","slug":"el-gobierno-anuncio-un-aumento-del-35-de-la-tarjeta-alimentar","status":"publish","type":"post","link":"https:\/\/www.visionweb.com.ar\/?p=10281","title":{"rendered":"El Gobierno anunci\u00f3 un aumento del 35% de la Tarjeta Alimentar"},"content":{"rendered":"<p><strong><em>Se ver\u00e1 reflejado en el mes de mayo, y es para afrontar la delicada situaci\u00f3n social, seg\u00fan informaron los funcionarios nacionales.<\/em> <\/strong><!--more--><\/p>\n<p><strong><img loading=\"lazy\" decoding=\"async\" class=\"size-full wp-image-10282 alignright\" src=\"https:\/\/www.visionweb.com.ar\/wp-content\/uploads\/2023\/04\/tarjeta-alimentar.png\" alt=\"\" width=\"270\" height=\"152\" \/>\u00a0\u00a0 E<\/strong>l Gobierno nacional dispuso un\u00a0<strong>aumento del 35% en la Prestaci\u00f3n Alimentar<\/strong>\u00a0con el prop\u00f3sito de \u201cgarantizar la canasta b\u00e1sica y mejorar los ingresos de las familias\u201d, \u00a0\u00a0y habr\u00e1 dos nuevos incrementos trimestrales durante 2023.<\/p>\n<p>La ministra de Desarrollo Social, Victoria Tolosa Paz, lo inform\u00f3 oficialmente tras una reuni\u00f3n con el presidente Alberto Fern\u00e1ndez y el ministro de Econom\u00eda, Sergio Massa, en la Residencia de Olivos durante la tarde del lunes.<\/p>\n<p>La Prestaci\u00f3n Alimentar es para<strong> familias con hijos de hasta 14 a\u00f1os\u00a0<\/strong>que reciben la Asignaci\u00f3n Universal por Hijo (AUH), la Asignaci\u00f3n Universal por Hijo con Discapacidad, la Asignaci\u00f3n por Embarazo o la Pensi\u00f3n Contributiva para madre de 7 o m\u00e1s hijos\/as.<\/p>\n<p>\u201cEste aumento lo hacemos entendiendo la enorme necesidad de seguir trabajando para cuidar el acceso a la canasta b\u00e1sica de alimentos, en un mes clave porque en marzo aumenta por ley el monto de la AUH\u201d, indic\u00f3 Tolosa Paz.<\/p>\n<p>Y se\u00f1al\u00f3 que \u201cla AUH y Prestaci\u00f3n Alimentar juntas son la cobertura necesaria para darle seguridad alimentaria a todos los ni\u00f1os, ni\u00f1as y adolescentes del pa\u00eds, impactando en la vida de 4 millones de ni\u00f1os, llegando a los hogares de 2 millones 300 mil madres en todo el territorio nacional\u201d.<\/p>\n<p>A trav\u00e9s de un comunicado, el Ministerio de Desarrollo Social detall\u00f3 que las familias que perciben la Prestaci\u00f3n Alimentar y tienen un hijo de 0 a 14 a\u00f1os, con este aumento pasar\u00e1n a recibir\u00a0<strong>$17.000<\/strong>.<\/p>\n<p>En tanto, aquellas familias que tienen dos hijos de entre 0 y 14 a\u00f1os percibir\u00e1n<strong>\u00a0$26.000<\/strong>; y quienes tengan tres o m\u00e1s hijos recibir\u00e1n<strong>\u00a0$34.000<\/strong>.<\/p>\n<p>La cartera de Estado indic\u00f3 que los nuevos montos impactar\u00e1n en el cobro del mes de mayo y destac\u00f3: \u201cSeguimos trabajando cada d\u00eda para garantizar derechos, construyendo las bases para el Desarrollo de todas y todos los argentinos\u201d.<\/p>\n<p>En tanto, desde sus redes sociales el Presidente afirm\u00f3 que su gesti\u00f3n \u201cno va a permitir que se especule con la comida de las familias argentinas\u201d y destac\u00f3 que esa medida \u201csuma $121.000 millones a la inversi\u00f3n ya existente del Estado nacional para la seguridad alimentaria de ni\u00f1as, ni\u00f1os y adolescentes\u201d.<\/p>\n<p>\u201cAlcanzamos a 2.458.238 familias que podr\u00e1n acceder a alimentos sanos, mejorar su poder adquisitivo y fomentar el consumo interno. Con hambre no hay libertad ni desarrollo posibles. Gobernar es generar igualdad\u201d, manifest\u00f3 el Presidente.<\/p>\n<p>La Prestaci\u00f3n Alimentar es un instrumento que entrega el Estado nacional para la seguridad alimentaria de ni\u00f1as, ni\u00f1os y adolescentes de 0 a 14 a\u00f1os.<\/p>\n<p>Alcanza a 2.458.238 titulares, y alcanza \u00a0a 4 millones de ni\u00f1as, ni\u00f1os y adolescentes, y permite comprar todo tipo de alimentos, a excepci\u00f3n de bebidas alcoh\u00f3licas, record\u00f3 el Ministerio de Desarrollo Social. <strong>(VW)<\/strong><\/p>\n<p>&nbsp;<\/p>\n","protected":false},"excerpt":{"rendered":"<p>Se ver\u00e1 reflejado en el mes de mayo, y es para afrontar la delicada situaci\u00f3n social, seg\u00fan informaron los funcionarios nacionales.<\/p>\n","protected":false},"author":4,"featured_media":10282,"comment_status":"closed","ping_status":"closed","sticky":false,"template":"","format":"standard","meta":{"_monsterinsights_skip_tracking":false,"_monsterinsights_sitenote_active":false,"_monsterinsights_sitenote_note":"","_monsterinsights_sitenote_category":0,"footnotes":""},"categories":[4,5],"tags":[1783,4263,15,869,2502],"class_list":["post-10281","post","type-post","status-publish","format-standard","has-post-thumbnail","hentry","category-politica","category-sociedad","tag-auh","tag-aumento-del-35-tarjeta-alimentar","tag-fernandez","tag-massa","tag-tolosa-paz"],"_links":{"self":[{"href":"https:\/\/www.visionweb.com.ar\/index.php?rest_route=\/wp\/v2\/posts\/10281","targetHints":{"allow":["GET"]}}],"collection":[{"href":"https:\/\/www.visionweb.com.ar\/index.php?rest_route=\/wp\/v2\/posts"}],"about":[{"href":"https:\/\/www.visionweb.com.ar\/index.php?rest_route=\/wp\/v2\/types\/post"}],"author":[{"embeddable":true,"href":"https:\/\/www.visionweb.com.ar\/index.php?rest_route=\/wp\/v2\/users\/4"}],"replies":[{"embeddable":true,"href":"https:\/\/www.visionweb.com.ar\/index.php?rest_route=%2Fwp%2Fv2%2Fcomments&post=10281"}],"version-history":[{"count":1,"href":"https:\/\/www.visionweb.com.ar\/index.php?rest_route=\/wp\/v2\/posts\/10281\/revisions"}],"predecessor-version":[{"id":10283,"href":"https:\/\/www.visionweb.com.ar\/index.php?rest_route=\/wp\/v2\/posts\/10281\/revisions\/10283"}],"wp:featuredmedia":[{"embeddable":true,"href":"https:\/\/www.visionweb.com.ar\/index.php?rest_route=\/wp\/v2\/media\/10282"}],"wp:attachment":[{"href":"https:\/\/www.visionweb.com.ar\/index.php?rest_route=%2Fwp%2Fv2%2Fmedia&parent=10281"}],"wp:term":[{"taxonomy":"category","embeddable":true,"href":"https:\/\/www.visionweb.com.ar\/index.php?rest_route=%2Fwp%2Fv2%2Fcategories&post=10281"},{"taxonomy":"post_tag","embeddable":true,"href":"https:\/\/www.visionweb.com.ar\/index.php?rest_route=%2Fwp%2Fv2%2Ftags&post=10281"}],"curies":[{"name":"wp","href":"https:\/\/api.w.org\/{rel}","templated":true}]}}