{"id":10278,"date":"2023-04-11T20:51:34","date_gmt":"2023-04-11T23:51:34","guid":{"rendered":"https:\/\/www.visionweb.com.ar\/?p=10278"},"modified":"2023-04-11T20:51:34","modified_gmt":"2023-04-11T23:51:34","slug":"futbol-nestor-grindetti-asumira-como-presidente-de-independiente-en-forma-provisoria","status":"publish","type":"post","link":"https:\/\/www.visionweb.com.ar\/?p=10278","title":{"rendered":"F\u00fatbol: N\u00e9stor Grindetti asumir\u00e1 como presidente de Independiente en forma provisoria"},"content":{"rendered":"<p><em><strong>Grindetti es el vicepresidente primero de la Comisi\u00f3n Directiva que encabez\u00f3 Fabi\u00e1n Doman, hasta su renuncia de este martes.<\/strong><\/em><!--more--><\/p>\n<div id=\"attachment_10279\" style=\"width: 310px\" class=\"wp-caption alignright\"><img loading=\"lazy\" decoding=\"async\" aria-describedby=\"caption-attachment-10279\" class=\"wp-image-10279 size-full\" src=\"https:\/\/www.visionweb.com.ar\/wp-content\/uploads\/2023\/04\/grindetti-en-independiente.png\" alt=\"\" width=\"300\" height=\"241\" \/><p id=\"caption-attachment-10279\" class=\"wp-caption-text\">N\u00e9stor Grindetti. Imagen internet<\/p><\/div>\n<p><strong>\u00a0 E<\/strong>l\u00a0 presidente del Club Atl\u00e9tico <strong>Independiente,\u00a0Fabi\u00e1n Doman, <\/strong>tom\u00f3 por sorpresa a todos y renunci\u00f3 esta tarde, y N\u00e9stor Grindetti, el vicepresidente, asumir\u00e1 en el primer cargo en forma provisoria, por noventa d\u00edas.<\/p>\n<p>De esta manera y siguiendo la l\u00ednea sucesoria, <strong>N\u00e9stor Osvaldo Grindetti<\/strong>, intendente de Lan\u00fas y precandidato a gobernador de la Provincia de Buenos Aires por Juntos por el Cambio,\u00a0 ocupar\u00e1 el\u00a0 cargo de presidente\u00a0<strong>provisoriamente, tras la sorpresiva renuncia de Fabi\u00e1n Doman.<\/strong><\/p>\n<p>En las \u00faltimas elecciones de Independiente, el jefe comunal y posible candidato a Gobernador integr\u00f3 la lista de Unidad Independiente junto a Doman y lograron una victoria con el 72% de los votos (11.492) donde asumi\u00f3 como\u00a0<strong>vicepresidente primero.<\/strong>\u00a0En caso de que se tome licencia o decida no reemplazar al periodista como primer mandatario, quien quedar\u00eda al mando es Juan Marconi, vicepresidente tercero.<\/p>\n<p>Su bloque gan\u00f3 en una elecci\u00f3n r\u00e9cord donde v<strong>otaron 15.888 de los 48.666 socios habilitados<\/strong>\u00a0y durante varios pasajes\u00a0<strong>hubo una fila de diez cuadras<\/strong>. Adem\u00e1s, a pesar de que la votaci\u00f3n se alarg\u00f3 una hora m\u00e1s de lo previsto, algunos hinchas se quedaron afuera. <strong>(VW)<\/strong><\/p>\n<p>&nbsp;<\/p>\n","protected":false},"excerpt":{"rendered":"<p>Grindetti es el vicepresidente primero de la Comisi\u00f3n Directiva que encabez\u00f3 Fabi\u00e1n Doman, hasta su renuncia de este martes.<\/p>\n","protected":false},"author":4,"featured_media":10279,"comment_status":"closed","ping_status":"closed","sticky":false,"template":"","format":"standard","meta":{"_monsterinsights_skip_tracking":false,"_monsterinsights_sitenote_active":false,"_monsterinsights_sitenote_note":"","_monsterinsights_sitenote_category":0,"footnotes":""},"categories":[8],"tags":[4260,4259,4261,4262],"class_list":["post-10278","post","type-post","status-publish","format-standard","has-post-thumbnail","hentry","category-interes-general","tag-club-atletico-independiente","tag-furbol","tag-grindetti-presidente-de-independiente","tag-renuncio-doman"],"_links":{"self":[{"href":"https:\/\/www.visionweb.com.ar\/index.php?rest_route=\/wp\/v2\/posts\/10278","targetHints":{"allow":["GET"]}}],"collection":[{"href":"https:\/\/www.visionweb.com.ar\/index.php?rest_route=\/wp\/v2\/posts"}],"about":[{"href":"https:\/\/www.visionweb.com.ar\/index.php?rest_route=\/wp\/v2\/types\/post"}],"author":[{"embeddable":true,"href":"https:\/\/www.visionweb.com.ar\/index.php?rest_route=\/wp\/v2\/users\/4"}],"replies":[{"embeddable":true,"href":"https:\/\/www.visionweb.com.ar\/index.php?rest_route=%2Fwp%2Fv2%2Fcomments&post=10278"}],"version-history":[{"count":1,"href":"https:\/\/www.visionweb.com.ar\/index.php?rest_route=\/wp\/v2\/posts\/10278\/revisions"}],"predecessor-version":[{"id":10280,"href":"https:\/\/www.visionweb.com.ar\/index.php?rest_route=\/wp\/v2\/posts\/10278\/revisions\/10280"}],"wp:featuredmedia":[{"embeddable":true,"href":"https:\/\/www.visionweb.com.ar\/index.php?rest_route=\/wp\/v2\/media\/10279"}],"wp:attachment":[{"href":"https:\/\/www.visionweb.com.ar\/index.php?rest_route=%2Fwp%2Fv2%2Fmedia&parent=10278"}],"wp:term":[{"taxonomy":"category","embeddable":true,"href":"https:\/\/www.visionweb.com.ar\/index.php?rest_route=%2Fwp%2Fv2%2Fcategories&post=10278"},{"taxonomy":"post_tag","embeddable":true,"href":"https:\/\/www.visionweb.com.ar\/index.php?rest_route=%2Fwp%2Fv2%2Ftags&post=10278"}],"curies":[{"name":"wp","href":"https:\/\/api.w.org\/{rel}","templated":true}]}}