{"id":10269,"date":"2023-04-11T09:21:02","date_gmt":"2023-04-11T12:21:02","guid":{"rendered":"https:\/\/www.visionweb.com.ar\/?p=10269"},"modified":"2023-04-11T09:32:46","modified_gmt":"2023-04-11T12:32:46","slug":"kicillof-recibio-a-empresas-de-transporte-colectivo","status":"publish","type":"post","link":"https:\/\/www.visionweb.com.ar\/?p=10269","title":{"rendered":"Kicillof recibi\u00f3 a empresarios del transporte colectivo"},"content":{"rendered":"<p><em><strong>Acordaron poner 1800 c\u00e1maras en colectivos.\u00a0El plan contempla conectar las c\u00e1maras instaladas en los colectivos al centro de monitoreo bonaerense.<\/strong><\/em><!--more--><\/p>\n<div id=\"attachment_10270\" style=\"width: 310px\" class=\"wp-caption alignleft\"><img loading=\"lazy\" decoding=\"async\" aria-describedby=\"caption-attachment-10270\" class=\"wp-image-10270 size-medium\" src=\"https:\/\/www.visionweb.com.ar\/wp-content\/uploads\/2023\/04\/COLECTIVEROS-KICILLOF-300x166.png\" alt=\"\" width=\"300\" height=\"166\" srcset=\"https:\/\/www.visionweb.com.ar\/wp-content\/uploads\/2023\/04\/COLECTIVEROS-KICILLOF-300x166.png 300w, https:\/\/www.visionweb.com.ar\/wp-content\/uploads\/2023\/04\/COLECTIVEROS-KICILLOF.png 640w\" sizes=\"auto, (max-width: 300px) 100vw, 300px\" \/><p id=\"caption-attachment-10270\" class=\"wp-caption-text\"><em><strong>En la reuni\u00f3n se acord\u00f3 conectar las c\u00e1maras al centro de monitoreos bonaerense (Foto: Agencias)<\/strong><\/em><\/p><\/div>\n<p><strong>\u00a0 \u00a0 \u00a0 \u00a0 \u00a0 \u00a0 F<\/strong>rente a la necesidad de fortalecer los mecanismos de seguridad, el gobernador bonaerense, Axel Kicillof se reuni\u00f3 este lunes en La Plata con los representantes de las c\u00e1maras de transporte colectivo.<\/p>\n<p>En el encuentro se acord\u00f3 <strong>avanzar en la conexi\u00f3n al Centro de Monitoreo bonaerense de las c\u00e1maras que ya est\u00e1n instaladas\u00a0<\/strong>en colectivos.<\/p>\n<p>Asimismo, se continuar\u00e1 con la instalaci\u00f3n del sistema en todo el parque automotor, y adem\u00e1s se trabajar\u00e1 en la opci\u00f3n de <strong>implementar botones antip\u00e1nico en aquellas unidades que todav\u00eda no cuentan con monitoreo.<\/strong><\/p>\n<p>La primera medida que tomar\u00e1n ser\u00e1 la\u00a0<strong>activaci\u00f3n de las 1.800 c\u00e1maras de seguridad ya instaladas\u00a0<\/strong>en los colectivos. Para realizar esta tarea, realizaron las charlas correspondientes con el Enacom y el ministro de Transporte, Jorge D\u2019Onofrio, asegur\u00f3 que en la pr\u00f3xima semana ya empezar\u00e1n a transmitir.<\/p>\n<h3 style=\"text-align: center;\"><span style=\"color: #008080;\"><em><strong>En la provincia de Buenos Aires hay 1800 colectivos que tienen las c\u00e1maras instaladas\u00a0<\/strong><\/em><\/span><\/h3>\n<p>Adem\u00e1s, otro de los pasos a seguir ser\u00e1\u00a0<strong>multiplicar las c\u00e1maras de seguridad para que se instalen en la totalidad de los colectivos.\u00a0<\/strong>Y como tercera medida ser\u00e1 colocar botones antip\u00e1nico en todas las unidades que no cuenten con c\u00e1maras de vigilancia.<\/p>\n<p>Del encuentro realizado en la casa de Gobierno tambi\u00e9n participaron el jefe de Gabinete, Mart\u00edn Insaurralde; el jefe de Asesores, Carlos Bianco; y los ministros de Transporte, Jorge D\u2019Onofrio; y de Seguridad, Sergio Berni.<\/p>\n<p>Participaron en representaci\u00f3n de la Uni\u00f3n Tranviarios Automotor (UTA), el secretario general Roberto Fern\u00e1ndez y Jorge Kiener; por la C\u00e1mara de Transporte de la Provincia de Buenos Aires (CTPBA) Roberto Rodr\u00edguez, Luciano Mesina y Dami\u00e1n Andrieu.<\/p>\n<p>En tanto que por la C\u00e1mara Empresaria de Autotransporte de Pasajeros (CEAP), fueron de la partida Jos\u00e9 Troilo y Daniel Guolo; por la C\u00e1mara Empresaria del Transporte Urbano de Buenos Aires (CETUBA), Mario Vacca; por la C\u00e1mara de Empresarios Unidos del Transporte Urbano de Pasajeros de Buenos Aires (CEUTUPBA), Luis Brusca y Fabio Ferreira; y por la Asociaci\u00f3n Argentina de Empresarios del Transporte Automotor (AAETA), Luciano Fusaro y Mauro Coglianese<strong>(VW)<\/strong>.<\/p>\n","protected":false},"excerpt":{"rendered":"<p>Acordaron poner 1800 c\u00e1maras en colectivos.\u00a0El plan contempla conectar las c\u00e1maras instaladas en los colectivos al centro de monitoreo bonaerense.<\/p>\n","protected":false},"author":3,"featured_media":10270,"comment_status":"closed","ping_status":"closed","sticky":false,"template":"","format":"standard","meta":{"_monsterinsights_skip_tracking":false,"_monsterinsights_sitenote_active":false,"_monsterinsights_sitenote_note":"","_monsterinsights_sitenote_category":0,"footnotes":""},"categories":[8],"tags":[4257,705,4258,529],"class_list":["post-10269","post","type-post","status-publish","format-standard","has-post-thumbnail","hentry","category-interes-general","tag-camaras","tag-colectivos","tag-monitoreos","tag-seguridad"],"_links":{"self":[{"href":"https:\/\/www.visionweb.com.ar\/index.php?rest_route=\/wp\/v2\/posts\/10269","targetHints":{"allow":["GET"]}}],"collection":[{"href":"https:\/\/www.visionweb.com.ar\/index.php?rest_route=\/wp\/v2\/posts"}],"about":[{"href":"https:\/\/www.visionweb.com.ar\/index.php?rest_route=\/wp\/v2\/types\/post"}],"author":[{"embeddable":true,"href":"https:\/\/www.visionweb.com.ar\/index.php?rest_route=\/wp\/v2\/users\/3"}],"replies":[{"embeddable":true,"href":"https:\/\/www.visionweb.com.ar\/index.php?rest_route=%2Fwp%2Fv2%2Fcomments&post=10269"}],"version-history":[{"count":4,"href":"https:\/\/www.visionweb.com.ar\/index.php?rest_route=\/wp\/v2\/posts\/10269\/revisions"}],"predecessor-version":[{"id":10274,"href":"https:\/\/www.visionweb.com.ar\/index.php?rest_route=\/wp\/v2\/posts\/10269\/revisions\/10274"}],"wp:featuredmedia":[{"embeddable":true,"href":"https:\/\/www.visionweb.com.ar\/index.php?rest_route=\/wp\/v2\/media\/10270"}],"wp:attachment":[{"href":"https:\/\/www.visionweb.com.ar\/index.php?rest_route=%2Fwp%2Fv2%2Fmedia&parent=10269"}],"wp:term":[{"taxonomy":"category","embeddable":true,"href":"https:\/\/www.visionweb.com.ar\/index.php?rest_route=%2Fwp%2Fv2%2Fcategories&post=10269"},{"taxonomy":"post_tag","embeddable":true,"href":"https:\/\/www.visionweb.com.ar\/index.php?rest_route=%2Fwp%2Fv2%2Ftags&post=10269"}],"curies":[{"name":"wp","href":"https:\/\/api.w.org\/{rel}","templated":true}]}}