{"id":10251,"date":"2023-04-10T17:27:05","date_gmt":"2023-04-10T20:27:05","guid":{"rendered":"https:\/\/www.visionweb.com.ar\/?p=10251"},"modified":"2023-04-10T17:27:05","modified_gmt":"2023-04-10T20:27:05","slug":"el-consejo-municipal-de-acumar-trabajo-en-proyectos-de-adecuacion-y-educacion-ambiental","status":"publish","type":"post","link":"https:\/\/www.visionweb.com.ar\/?p=10251","title":{"rendered":"El Consejo Municipal de ACUMAR trabaj\u00f3 en proyectos de Adecuaci\u00f3n y Educaci\u00f3n Ambiental"},"content":{"rendered":"<p><em><b>Eel encuentro, reuni\u00f3\u00a0 a representantes de los catorce municipios que componen la Cuenca y la Ciudad Aut\u00f3noma de Buenos Aires, se abordaron cuestiones vinculadas al control y la adecuaci\u00f3n ambiental y se presentaron los programas de educaci\u00f3n para este a\u00f1o.<\/b><\/em><!--more--><\/p>\n<p><img loading=\"lazy\" decoding=\"async\" class=\"size-medium wp-image-10252 alignleft\" src=\"https:\/\/www.visionweb.com.ar\/wp-content\/uploads\/2023\/04\/ACUMAR-CONSEJO-300x200.png\" alt=\"\" width=\"300\" height=\"200\" srcset=\"https:\/\/www.visionweb.com.ar\/wp-content\/uploads\/2023\/04\/ACUMAR-CONSEJO-300x200.png 300w, https:\/\/www.visionweb.com.ar\/wp-content\/uploads\/2023\/04\/ACUMAR-CONSEJO.png 640w\" sizes=\"auto, (max-width: 300px) 100vw, 300px\" \/>El Consejo Municipal de <strong>ACUMAR<\/strong> realiz\u00f3 el mi\u00e9rcoles \u00faltimo una nueva sesi\u00f3n en la que se trataron temas de Adecuaci\u00f3n y Educaci\u00f3n Ambiental en la Cuenca Matanza Riachuelo, presentando el programa de actividades para este a\u00f1o.<\/p>\n<p>Uno de los puntos centrales de la reuni\u00f3n fue la actualizaci\u00f3n permanente que realiza el organismo de los Agentes Contaminantes.<\/p>\n<p>Se plante\u00f3 una estrategia de trabajo en colaboraci\u00f3n entre la Autoridad de Cuenca y cada distrito para implementar un flujo que permita obtener informaci\u00f3n sobre el estado y situaci\u00f3n de cada establecimiento de manera m\u00e1s \u00e1gil y actualizada.<\/p>\n<p>Asimismo, <strong>ACUMAR<\/strong> se comprometi\u00f3 a brindar toda la informaci\u00f3n requerida por los municipios en relaci\u00f3n a esta tem\u00e1tica.<\/p>\n<p>Cabe recordar que en el sitio web de organismo se publica peri\u00f3dicamente el listado completo y actualizado de Agentes Contaminantes, al que puede accederse a trav\u00e9s de <a href=\"https:\/\/www.acumar.gob.ar\/fiscalizacion-adecuacion-ambiental\/control-ambiental-datos\/\" target=\"_blank\" rel=\"noopener\">https:\/\/www.acumar.gob.ar\/fiscalizacion-adecuacion-ambiental\/control-ambiental-datos\/<\/a><\/p>\n<p>El presidente del organismo, Mart\u00edn Sabbatella, destac\u00f3 la importancia de la articulaci\u00f3n interjurisdiccional de las pol\u00edticas p\u00fablicas:\u201cTrabajamos en el saneamiento ambiental junto a todos los municipios de la Cuenca, que son el anclaje territorial, la democracia de proximidad y quienes conocen el territorio.<\/p>\n<p>Durante el encuentro, se habl\u00f3 tambi\u00e9n de la importancia de los datos que se obtienen a trav\u00e9s del\u00a0<a href=\"https:\/\/www.acumar.gob.ar\/prensa\/mas-3700-empresas-la-cuenca-completaron-reamar\/\" target=\"_blank\" rel=\"noopener\">REAMAR\u00a0<\/a>y se trabaj\u00f3 con las jurisdicciones en la planificaci\u00f3n de diferentes estrategias comunes para continuar con la expansi\u00f3n del registro y poder llegar a todas las empresas de la Cuenca.<\/p>\n<p dir=\"auto\">or otro lado,\u00a0se present\u00f3 el\u00a0<a href=\"https:\/\/www.acumar.gob.ar\/educacion-ambiental\/escuelas-por-la-cuenca\/\" target=\"_blank\" rel=\"noopener\">Programa Escuelas por la Cuenca 2023<\/a>, que tiene como objetivo sensibilizar a la comunidad educativa sobre la importancia de cuidar el ambiente y promover pr\u00e1cticas sostenibles. Durante la exposici\u00f3n, se detallaron los objetivos, l\u00edneas de acci\u00f3n y propuestas de la iniciativa, as\u00ed como tambi\u00e9n se inform\u00f3 sobre la cantidad de establecimientos educativos participantes por distrito.<\/p>\n<p dir=\"auto\">En la edici\u00f3n 2022 participaron 781 instituciones educativas de la Cuenca y se espera este a\u00f1o ampliar ese n\u00famero. Esta semana se anunci\u00f3 adem\u00e1s, el\u00a0<a href=\"https:\/\/www.acumar.gob.ar\/prensa\/nueva-convocatoria-de-los-concursos-ambientales-para-estudiantes\/\" target=\"_blank\" rel=\"noopener\">inicio de los concursos art\u00edsticos\u00a0<\/a>que convocan a estudiantes de todos los niveles en proyectos de dibujo, literatura y m\u00fasica.<\/p>\n<p dir=\"auto\">El encuentro cont\u00f3 con la participaci\u00f3n del director de Adecuaci\u00f3n Ambiental de\u00a0<strong>ACUMAR<\/strong>, Juan Lestani, la coordinadora del Consejo Municipal, Patricia \u00c1lvez, el coordinador de Adecuaci\u00f3n Ambiental, Juan Landa, la coordinadora de Procesos de Gesti\u00f3n para la Fiscalizaci\u00f3n, Marina Trevisi,\u00a0la coordinadora de Vinculaci\u00f3n, Luc\u00eda Reynoso, y la coordinadora de Educaci\u00f3n Socioambiental, Macarena Fern\u00e1ndez Rial.<\/p>\n<p dir=\"auto\">En el cierre del encuentro, \u00c1lvez anunci\u00f3 que la pr\u00f3xima reuni\u00f3n se realizar\u00e1 hacia fines de este mes, en el que se abordar\u00e1n cuestiones vinculadas a Salud Ambiental y las Unidades Sanitarias Ambientales.<\/p>\n","protected":false},"excerpt":{"rendered":"<p>Eel encuentro, reuni\u00f3\u00a0 a representantes de los catorce municipios que componen la Cuenca y la Ciudad Aut\u00f3noma de Buenos Aires, se abordaron cuestiones vinculadas al control y la adecuaci\u00f3n ambiental y se presentaron los&#46;&#46;&#46;<\/p>\n","protected":false},"author":3,"featured_media":10252,"comment_status":"closed","ping_status":"closed","sticky":false,"template":"","format":"standard","meta":{"_monsterinsights_skip_tracking":false,"_monsterinsights_sitenote_active":false,"_monsterinsights_sitenote_note":"","_monsterinsights_sitenote_category":0,"footnotes":""},"categories":[7,8],"tags":[],"class_list":["post-10251","post","type-post","status-publish","format-standard","has-post-thumbnail","hentry","category-educacion-y-cultura","category-interes-general"],"_links":{"self":[{"href":"https:\/\/www.visionweb.com.ar\/index.php?rest_route=\/wp\/v2\/posts\/10251","targetHints":{"allow":["GET"]}}],"collection":[{"href":"https:\/\/www.visionweb.com.ar\/index.php?rest_route=\/wp\/v2\/posts"}],"about":[{"href":"https:\/\/www.visionweb.com.ar\/index.php?rest_route=\/wp\/v2\/types\/post"}],"author":[{"embeddable":true,"href":"https:\/\/www.visionweb.com.ar\/index.php?rest_route=\/wp\/v2\/users\/3"}],"replies":[{"embeddable":true,"href":"https:\/\/www.visionweb.com.ar\/index.php?rest_route=%2Fwp%2Fv2%2Fcomments&post=10251"}],"version-history":[{"count":1,"href":"https:\/\/www.visionweb.com.ar\/index.php?rest_route=\/wp\/v2\/posts\/10251\/revisions"}],"predecessor-version":[{"id":10253,"href":"https:\/\/www.visionweb.com.ar\/index.php?rest_route=\/wp\/v2\/posts\/10251\/revisions\/10253"}],"wp:featuredmedia":[{"embeddable":true,"href":"https:\/\/www.visionweb.com.ar\/index.php?rest_route=\/wp\/v2\/media\/10252"}],"wp:attachment":[{"href":"https:\/\/www.visionweb.com.ar\/index.php?rest_route=%2Fwp%2Fv2%2Fmedia&parent=10251"}],"wp:term":[{"taxonomy":"category","embeddable":true,"href":"https:\/\/www.visionweb.com.ar\/index.php?rest_route=%2Fwp%2Fv2%2Fcategories&post=10251"},{"taxonomy":"post_tag","embeddable":true,"href":"https:\/\/www.visionweb.com.ar\/index.php?rest_route=%2Fwp%2Fv2%2Ftags&post=10251"}],"curies":[{"name":"wp","href":"https:\/\/api.w.org\/{rel}","templated":true}]}}