{"id":10231,"date":"2023-04-07T11:41:01","date_gmt":"2023-04-07T14:41:01","guid":{"rendered":"https:\/\/www.visionweb.com.ar\/?p=10231"},"modified":"2023-04-07T11:44:08","modified_gmt":"2023-04-07T14:44:08","slug":"liberaron-anoche-a-los-dos-choferes-detenidos-por-la-agresion-a-berni-y-levantaron-el-paro","status":"publish","type":"post","link":"https:\/\/www.visionweb.com.ar\/?p=10231","title":{"rendered":"Liberaron anoche a los dos choferes detenidos por la agresi\u00f3n a Berni, y levantaron el paro"},"content":{"rendered":"<p><em><strong>Los colectiveros exig\u00edan que fueran liberados para levantar el paro de 16 l\u00edneas. Jorge Zerda y Jorge Oscar Galiano hab\u00edan sido arrestados durante un impactante operativo conjunto de la Polic\u00eda de la Ciudad y la Bonaerense.<\/strong><\/em><!--more--><\/p>\n<div id=\"attachment_10232\" style=\"width: 310px\" class=\"wp-caption alignright\"><img loading=\"lazy\" decoding=\"async\" aria-describedby=\"caption-attachment-10232\" class=\"wp-image-10232 size-medium\" src=\"https:\/\/www.visionweb.com.ar\/wp-content\/uploads\/2023\/04\/liberan-a-los-choferes-300x171.png\" alt=\"\" width=\"300\" height=\"171\" srcset=\"https:\/\/www.visionweb.com.ar\/wp-content\/uploads\/2023\/04\/liberan-a-los-choferes-300x171.png 300w, https:\/\/www.visionweb.com.ar\/wp-content\/uploads\/2023\/04\/liberan-a-los-choferes.png 360w\" sizes=\"auto, (max-width: 300px) 100vw, 300px\" \/><p id=\"caption-attachment-10232\" class=\"wp-caption-text\">Imagen de internet<\/p><\/div>\n<p><strong>\u00a0E<\/strong>n las \u00faltimas horas de ayer jueves fue liberado Jorge Zerda, uno de los colectiveros acusados de las agresiones al ministro de seguridad bonaerense Sergio Berni, y minutos m\u00e1s tarde qued\u00f3 en libertad Jorge Oscar Galiano, que hab\u00edan<strong>\u00a0sido detenidos durante la madrugada por un grupo conjunto de la Polic\u00eda de la Ciudad y la Bonaerense<\/strong>, en un operativo \u00a0que despert\u00f3 amplias controversias y cr\u00edticas por la magnitud de su despliegue.<\/p>\n<p>La excarcelaci\u00f3n de Zerda y Galiano ocurri\u00f3 mientras se desarrollaba una\u00a0<strong>medida de fuerza sorpresiva de los colectiveros en protesta por las detenciones.\u00a0<\/strong><\/p>\n<p>Reclamaban que ambos choferes recobraran la libertad como\u00a0 condici\u00f3n para levantar la huelga. El paro afect\u00f3 durante la jornada de ayer a las l\u00edneas de colectivos 218, 284, 325, 378, 622 y 628, de la empresa Almafuerte, y la 620 y 328, pertenecientes la firma Nueva Ideal, en la zona oeste del AMBA.<\/p>\n<p><strong>La medida se levant\u00f3 el jueves por la \u00a0noche, apenas liberaron a los choferes.<\/strong><\/p>\n<p>Los dos choferes no declararon por consejo de su abogado de la Uni\u00f3n de Tranviarios Automotor. El letrado de la organizaci\u00f3n gremial no descart\u00f3 que pueda haber una reuni\u00f3n entre los colectiveros detenidos y Berni en los pr\u00f3ximos d\u00edas. Ambos fueron reconocidos en las im\u00e1genes de las agresiones del lunes.<\/p>\n<p>El abogado de la UTA Silvio Piorno fue quien, en di\u00e1logo con la prensa, confirm\u00f3 que tanto Zerda como Galiano recobraron su libertad.\u00a0Precis\u00f3 que<strong> \u201cno hubo necesidad de que declaren\u201d <\/strong>y que<strong> \u201csolo se les ley\u00f3 la prueba\u201d. (VW)<\/strong><\/p>\n<p>&nbsp;<\/p>\n","protected":false},"excerpt":{"rendered":"<p>Los colectiveros exig\u00edan que fueran liberados para levantar el paro de 16 l\u00edneas. Jorge Zerda y Jorge Oscar Galiano hab\u00edan sido arrestados durante un impactante operativo conjunto de la Polic\u00eda de la Ciudad y&#46;&#46;&#46;<\/p>\n","protected":false},"author":4,"featured_media":10232,"comment_status":"closed","ping_status":"closed","sticky":false,"template":"","format":"standard","meta":{"_monsterinsights_skip_tracking":false,"_monsterinsights_sitenote_active":false,"_monsterinsights_sitenote_note":"","_monsterinsights_sitenote_category":0,"footnotes":""},"categories":[8,4],"tags":[4242,4243,240,4244,1721],"class_list":["post-10231","post","type-post","status-publish","format-standard","has-post-thumbnail","hentry","category-interes-general","category-politica","tag-agresiones-a-berni","tag-choferes-liberados","tag-inseguridad","tag-levantan-el-paro-de-colectivos","tag-operativos"],"_links":{"self":[{"href":"https:\/\/www.visionweb.com.ar\/index.php?rest_route=\/wp\/v2\/posts\/10231","targetHints":{"allow":["GET"]}}],"collection":[{"href":"https:\/\/www.visionweb.com.ar\/index.php?rest_route=\/wp\/v2\/posts"}],"about":[{"href":"https:\/\/www.visionweb.com.ar\/index.php?rest_route=\/wp\/v2\/types\/post"}],"author":[{"embeddable":true,"href":"https:\/\/www.visionweb.com.ar\/index.php?rest_route=\/wp\/v2\/users\/4"}],"replies":[{"embeddable":true,"href":"https:\/\/www.visionweb.com.ar\/index.php?rest_route=%2Fwp%2Fv2%2Fcomments&post=10231"}],"version-history":[{"count":3,"href":"https:\/\/www.visionweb.com.ar\/index.php?rest_route=\/wp\/v2\/posts\/10231\/revisions"}],"predecessor-version":[{"id":10235,"href":"https:\/\/www.visionweb.com.ar\/index.php?rest_route=\/wp\/v2\/posts\/10231\/revisions\/10235"}],"wp:featuredmedia":[{"embeddable":true,"href":"https:\/\/www.visionweb.com.ar\/index.php?rest_route=\/wp\/v2\/media\/10232"}],"wp:attachment":[{"href":"https:\/\/www.visionweb.com.ar\/index.php?rest_route=%2Fwp%2Fv2%2Fmedia&parent=10231"}],"wp:term":[{"taxonomy":"category","embeddable":true,"href":"https:\/\/www.visionweb.com.ar\/index.php?rest_route=%2Fwp%2Fv2%2Fcategories&post=10231"},{"taxonomy":"post_tag","embeddable":true,"href":"https:\/\/www.visionweb.com.ar\/index.php?rest_route=%2Fwp%2Fv2%2Ftags&post=10231"}],"curies":[{"name":"wp","href":"https:\/\/api.w.org\/{rel}","templated":true}]}}