{"id":10228,"date":"2023-04-07T10:55:39","date_gmt":"2023-04-07T13:55:39","guid":{"rendered":"https:\/\/www.visionweb.com.ar\/?p=10228"},"modified":"2023-04-07T10:55:39","modified_gmt":"2023-04-07T13:55:39","slug":"san-vicente-lanzaron-la-primera-tecnicatura-en-la-facultad-de-agrarias","status":"publish","type":"post","link":"https:\/\/www.visionweb.com.ar\/?p=10228","title":{"rendered":"San Vicente: Lanzaron la primera tecnicatura en la Facultad de Agrarias\u00a0"},"content":{"rendered":"<p>&nbsp;<\/p>\n<p><em><strong>Se trata de la Tecnicatura en dise\u00f1o de Espacios Verdes, que est\u00e1 pensada para promover la\u00a0profesionalizaci\u00f3n en el dise\u00f1o de obras de jardiner\u00eda con sustentabilidad ecol\u00f3gica. La especializaci\u00f3n se dictar\u00e1 por convenio con la UNLZ.<\/strong><\/em><strong>\u00a0<\/strong><!--more--><\/p>\n<p><img loading=\"lazy\" decoding=\"async\" class=\"size-medium wp-image-10229 alignright\" src=\"https:\/\/www.visionweb.com.ar\/wp-content\/uploads\/2023\/04\/facultad-agrarias-san-vicente-300x168.png\" alt=\"\" width=\"300\" height=\"168\" srcset=\"https:\/\/www.visionweb.com.ar\/wp-content\/uploads\/2023\/04\/facultad-agrarias-san-vicente-300x168.png 300w, https:\/\/www.visionweb.com.ar\/wp-content\/uploads\/2023\/04\/facultad-agrarias-san-vicente.png 390w\" sizes=\"auto, (max-width: 300px) 100vw, 300px\" \/>\u00a0 <strong>L<\/strong>a municipalidad de San Vicente lanz\u00f3 la Tecnicatura Universitaria en Dise\u00f1o y Mantenimiento de Espacios Verdes, en el nuevo Centro Universitario, en articulaci\u00f3n con Agrarias de Lomas de Zamora.<\/p>\n<p>En esa l\u00ednea, el intendente de ese distrito de la zona sur del Gran Buenos Aires, Nicol\u00e1s Mantegazza, \u00a0acompa\u00f1ado por el decano de la Universidad Nacional de Lomas de Zamora (UNLZ), N\u00e9stor Urretavizcaya, la secretaria de Educaci\u00f3n municipal, Eleonora V\u00e1zquez, y la profesora Soledad Lembo, se reunieron con vecinos y vecinas que se capacitar\u00e1n gracias al trabajo articulado con la UNLZ.<\/p>\n<p>As\u00ed inicia el sue\u00ad\u00f1o de la Universidad Nacional de San Vicente, cuya cursada se realizar\u00e1 en las aulas del nuevo Centro Universitario San Vicente, emplazado e inaugurado recientemente en el shopping Vicenter, a pocos kil\u00f3metros del centro de la ciudad cabecera.<\/p>\n<p>Esta tecnicatura est\u00e1 pensada para promover la profesionalizaci\u00f3n en el dise\u00f1o de obras de jardiner\u00eda con sustentabilidad ecol\u00f3gica.<\/p>\n<p>Participaron del lanzamiento el decano y vicedecana de la Facultad de Ciencias Agrarias de la UNLZ, N\u00e9stor Urretabizkaya y Laura Juan; junto al intendente sanvicentino Nicol\u00e1s Mantegazza y la secretaria de Educaci\u00f3n municipal, Eleonora V\u00e1zquez. <strong>(VW)<\/strong><\/p>\n<p>&nbsp;<\/p>\n","protected":false},"excerpt":{"rendered":"<p>&nbsp; Se trata de la Tecnicatura en dise\u00f1o de Espacios Verdes, que est\u00e1 pensada para promover la\u00a0profesionalizaci\u00f3n en el dise\u00f1o de obras de jardiner\u00eda con sustentabilidad ecol\u00f3gica. La especializaci\u00f3n se dictar\u00e1 por convenio con&#46;&#46;&#46;<\/p>\n","protected":false},"author":4,"featured_media":10229,"comment_status":"closed","ping_status":"closed","sticky":false,"template":"","format":"standard","meta":{"_monsterinsights_skip_tracking":false,"_monsterinsights_sitenote_active":false,"_monsterinsights_sitenote_note":"","_monsterinsights_sitenote_category":0,"footnotes":""},"categories":[7],"tags":[4239,4241,4240,1564],"class_list":["post-10228","post","type-post","status-publish","format-standard","has-post-thumbnail","hentry","category-educacion-y-cultura","tag-agrarias","tag-diseno-de-espacios-verdes","tag-nueva-tecnicatura","tag-san-vicente"],"_links":{"self":[{"href":"https:\/\/www.visionweb.com.ar\/index.php?rest_route=\/wp\/v2\/posts\/10228","targetHints":{"allow":["GET"]}}],"collection":[{"href":"https:\/\/www.visionweb.com.ar\/index.php?rest_route=\/wp\/v2\/posts"}],"about":[{"href":"https:\/\/www.visionweb.com.ar\/index.php?rest_route=\/wp\/v2\/types\/post"}],"author":[{"embeddable":true,"href":"https:\/\/www.visionweb.com.ar\/index.php?rest_route=\/wp\/v2\/users\/4"}],"replies":[{"embeddable":true,"href":"https:\/\/www.visionweb.com.ar\/index.php?rest_route=%2Fwp%2Fv2%2Fcomments&post=10228"}],"version-history":[{"count":1,"href":"https:\/\/www.visionweb.com.ar\/index.php?rest_route=\/wp\/v2\/posts\/10228\/revisions"}],"predecessor-version":[{"id":10230,"href":"https:\/\/www.visionweb.com.ar\/index.php?rest_route=\/wp\/v2\/posts\/10228\/revisions\/10230"}],"wp:featuredmedia":[{"embeddable":true,"href":"https:\/\/www.visionweb.com.ar\/index.php?rest_route=\/wp\/v2\/media\/10229"}],"wp:attachment":[{"href":"https:\/\/www.visionweb.com.ar\/index.php?rest_route=%2Fwp%2Fv2%2Fmedia&parent=10228"}],"wp:term":[{"taxonomy":"category","embeddable":true,"href":"https:\/\/www.visionweb.com.ar\/index.php?rest_route=%2Fwp%2Fv2%2Fcategories&post=10228"},{"taxonomy":"post_tag","embeddable":true,"href":"https:\/\/www.visionweb.com.ar\/index.php?rest_route=%2Fwp%2Fv2%2Ftags&post=10228"}],"curies":[{"name":"wp","href":"https:\/\/api.w.org\/{rel}","templated":true}]}}