{"id":10225,"date":"2023-04-07T10:22:50","date_gmt":"2023-04-07T13:22:50","guid":{"rendered":"https:\/\/www.visionweb.com.ar\/?p=10225"},"modified":"2023-04-07T10:22:50","modified_gmt":"2023-04-07T13:22:50","slug":"la-provincia-licito-la-obra-de-conversion-a-autovia-en-un-tramo-de-la-ruta-11","status":"publish","type":"post","link":"https:\/\/www.visionweb.com.ar\/?p=10225","title":{"rendered":"La Provincia licit\u00f3 la obra de conversi\u00f3n a autov\u00eda en un tramo de la Ruta 11"},"content":{"rendered":"<p><em><strong>La obra ir\u00e1 desde Villa Gesell hasta Mar Chiquita, cuenta con un presupuesto oficial de $25.000 millones y se har\u00e1 en dos secciones. El objetivo es reducir accidentes frontales.<\/strong><\/em><!--more--><\/p>\n<p><img loading=\"lazy\" decoding=\"async\" class=\"size-medium wp-image-10226 alignright\" src=\"https:\/\/www.visionweb.com.ar\/wp-content\/uploads\/2023\/04\/licitan-obra-ruta-11-300x200.png\" alt=\"\" width=\"300\" height=\"200\" srcset=\"https:\/\/www.visionweb.com.ar\/wp-content\/uploads\/2023\/04\/licitan-obra-ruta-11-300x200.png 300w, https:\/\/www.visionweb.com.ar\/wp-content\/uploads\/2023\/04\/licitan-obra-ruta-11.png 356w\" sizes=\"auto, (max-width: 300px) 100vw, 300px\" \/>\u00a0<strong>L<\/strong>a Direcci\u00f3n de Vialidad de la provincia de Buenos Aires licit\u00f3 la obra de Construcci\u00f3n de la\u00a0<strong>Autov\u00eda en la Ruta 11<\/strong>, en un tramo de 72 kil\u00f3metros comprendido entre las localidades de\u00a0<strong>Villa Gesell\u00a0<\/strong>y\u00a0<strong>Mar Chiquita<\/strong>, que incluye tareas de repavimentaci\u00f3n y construcci\u00f3n de banquinas pavimentadas en ambas calzadas y la duplicaci\u00f3n de 7 puentes y 54 alcantarillas.<\/p>\n<p>Seg\u00fan detall\u00f3 Provincia a trav\u00e9s de un comunicado, la licitaci\u00f3n fue efectuada por la Direcci\u00f3n de Vialidad bonaerense, dependiente del Ministerio de Infraestructura y Servicios P\u00fablicos, donde se presentaron cinco oferentes.\u00a0<strong>La obra en cuesti\u00f3n costar\u00e1 unos $ 25 mil millones.<\/strong><\/p>\n<p>\u201cLa autov\u00eda impactar\u00e1 sobre los distritos de General Madariaga, Villa Gesell y Mar Chiquita; beneficiando directamente a Mar de las Pampas y Mar Azul, e indirectamente a todos los balnearios bonaerenses que se encuentran sobre la Costa Atl\u00e1ntica\u201d, asegur\u00f3 el administrador de Vialidad,\u00a0<strong>Hern\u00e1n Yzurieta<\/strong>.<\/p>\n<p>Durante el acto, estuvieron presentes el funcionario de Vialidad Nacional, Marcelo Sosa, el delegado municipal de Santa Clara del Mar, Antonio Contardo y el delegado de Mar de Cobo, Edgardo Veble.<\/p>\n<p>La intervenci\u00f3n sobre la ruta provincial 11 se va a desarrollar en dos secciones.\u00a0<strong>La primera secci\u00f3n se inicia en la Rotonda de Acceso a Villa Gesell y finaliza en el Canal 5<\/strong>, sobre una longitud de 39,4 kil\u00f3metros. El presupuesto para esta es de $ 13.066.860.210.<\/p>\n<p>En tanto, la <strong>segunda<\/strong> <strong>secci\u00f3n<\/strong> comprende el tramo que comienza en el\u00a0<strong>Canal 5 y culmina en Mar Chiquita, sobre una longitud de 33 kil\u00f3metros.\u00a0<\/strong>La inversi\u00f3n oficial ser\u00e1 de $12.219.892.110.<\/p>\n<p>Esta intervenci\u00f3n, que supera los $ 25 mil millones,\u00a0<strong>cuenta con financiamiento parcial del Banco Interamericano de Desarrollo.<\/strong><\/p>\n<p>La obra, que hab\u00eda sido anunciada en enero pasado, contempla tareas de\u00a0<strong>repavimentaci\u00f3n y construcci\u00f3n de banquinas pavimentadas en ambas calzadas y prev\u00e9 la duplicaci\u00f3n de 7 puentes y 54 alcantarillas.<\/strong><\/p>\n<p>\u201cPara el gobierno provincial es una obra clave que reducir\u00e1 el n\u00famero de accidentes frontales, ya que durante la temporada de verano\u00a0<strong>el tr\u00e1nsito promedio por esta v\u00eda alcanza los 7.800 veh\u00edculos diarios<\/strong>\u201d, indicaron desde la gesti\u00f3n bonaerense. <strong>(VW)<\/strong><\/p>\n<p>&nbsp;<\/p>\n","protected":false},"excerpt":{"rendered":"<p>La obra ir\u00e1 desde Villa Gesell hasta Mar Chiquita, cuenta con un presupuesto oficial de $25.000 millones y se har\u00e1 en dos secciones. El objetivo es reducir accidentes frontales.<\/p>\n","protected":false},"author":4,"featured_media":10226,"comment_status":"closed","ping_status":"closed","sticky":false,"template":"","format":"standard","meta":{"_monsterinsights_skip_tracking":false,"_monsterinsights_sitenote_active":false,"_monsterinsights_sitenote_note":"","_monsterinsights_sitenote_category":0,"footnotes":""},"categories":[8],"tags":[4236,4237,4238,3830],"class_list":["post-10225","post","type-post","status-publish","format-standard","has-post-thumbnail","hentry","category-interes-general","tag-conversion-a-autovia","tag-gesell-a-mar-chiquita","tag-licitacion-de-obra","tag-ruta-11"],"_links":{"self":[{"href":"https:\/\/www.visionweb.com.ar\/index.php?rest_route=\/wp\/v2\/posts\/10225","targetHints":{"allow":["GET"]}}],"collection":[{"href":"https:\/\/www.visionweb.com.ar\/index.php?rest_route=\/wp\/v2\/posts"}],"about":[{"href":"https:\/\/www.visionweb.com.ar\/index.php?rest_route=\/wp\/v2\/types\/post"}],"author":[{"embeddable":true,"href":"https:\/\/www.visionweb.com.ar\/index.php?rest_route=\/wp\/v2\/users\/4"}],"replies":[{"embeddable":true,"href":"https:\/\/www.visionweb.com.ar\/index.php?rest_route=%2Fwp%2Fv2%2Fcomments&post=10225"}],"version-history":[{"count":1,"href":"https:\/\/www.visionweb.com.ar\/index.php?rest_route=\/wp\/v2\/posts\/10225\/revisions"}],"predecessor-version":[{"id":10227,"href":"https:\/\/www.visionweb.com.ar\/index.php?rest_route=\/wp\/v2\/posts\/10225\/revisions\/10227"}],"wp:featuredmedia":[{"embeddable":true,"href":"https:\/\/www.visionweb.com.ar\/index.php?rest_route=\/wp\/v2\/media\/10226"}],"wp:attachment":[{"href":"https:\/\/www.visionweb.com.ar\/index.php?rest_route=%2Fwp%2Fv2%2Fmedia&parent=10225"}],"wp:term":[{"taxonomy":"category","embeddable":true,"href":"https:\/\/www.visionweb.com.ar\/index.php?rest_route=%2Fwp%2Fv2%2Fcategories&post=10225"},{"taxonomy":"post_tag","embeddable":true,"href":"https:\/\/www.visionweb.com.ar\/index.php?rest_route=%2Fwp%2Fv2%2Ftags&post=10225"}],"curies":[{"name":"wp","href":"https:\/\/api.w.org\/{rel}","templated":true}]}}