{"id":10221,"date":"2023-04-06T20:13:21","date_gmt":"2023-04-06T23:13:21","guid":{"rendered":"https:\/\/www.visionweb.com.ar\/?p=10221"},"modified":"2023-04-06T20:13:21","modified_gmt":"2023-04-06T23:13:21","slug":"duro-comunicado-de-la-uta-por-la-detencion-de-los-choferes","status":"publish","type":"post","link":"https:\/\/www.visionweb.com.ar\/?p=10221","title":{"rendered":"Duro comunicado de la UTA por la detenci\u00f3n de los choferes"},"content":{"rendered":"<p><strong>La c\u00fapula del gremio pidi\u00f3 la inmediata libertad de los dos detenidos. Duro cuestionamiento a la realziaci\u00f3n de los procedimientos por la violencia aplicada.<\/strong>\u00a0 <!--more--><\/p>\n<p><strong>\u00a0 <img loading=\"lazy\" decoding=\"async\" class=\"size-medium wp-image-10222 alignright\" src=\"https:\/\/www.visionweb.com.ar\/wp-content\/uploads\/2023\/04\/CHOFERES-UTA-DETENIDOS-300x168.png\" alt=\"\" width=\"300\" height=\"168\" srcset=\"https:\/\/www.visionweb.com.ar\/wp-content\/uploads\/2023\/04\/CHOFERES-UTA-DETENIDOS-300x168.png 300w, https:\/\/www.visionweb.com.ar\/wp-content\/uploads\/2023\/04\/CHOFERES-UTA-DETENIDOS.png 640w\" sizes=\"auto, (max-width: 300px) 100vw, 300px\" \/> L<\/strong>a Uni\u00f3n Tranviarios Automotor (UTA)\u00a0 emiti\u00f3 hoy un duro comunicado en el que exige la \u201cinmediata liberaci\u00f3n\u201d de los dos choferes detenidos en la madrugada del jueves, en el marco de la causa por las agresiones al ministro de Seguridad bonaerense, Sergio Berni, que se inici\u00f3 por una presentaci\u00f3n de la polic\u00eda de la Ciudad Aut\u00f3noma de Buenos Aires.<\/p>\n<p>A trav\u00e9s de sus redes sociales, la UTA se\u00f1al\u00f3: \u201cRepudiamos la violencia y pedimos que se entienda el dolor y la impotencia\u201d. En el texto del conunicado, que lleva la firma del Consejo Directivo Nacional, se plante\u00f3: \u201cEstamos viviendo un momento en el que nuestra sociedad por diversos motivos se encuentra crispada, nerviosa, intranquila, irritable, y donde se generan hechos de violencia. La violencia, lamentablemente, est\u00e1 instalada\u201d.<\/p>\n<p>\u201cHoy somos testigos de la detenci\u00f3n de los compa\u00f1eros Juan Carlos Gallano y Jorge Ezequiel Cerda, ambos conductores, en el marco de un operativo qu\u00e9, por su despliegue y espectacularidad, remite a las detenciones de l\u00edderes de bandas criminales\u201d, se quej\u00f3 la UTA.<\/p>\n<p>La organizaci\u00f3n sindical agreg\u00f3: \u201clos detenidos son trabajadores que quiz\u00e1s, ser\u00e1 cuesti\u00f3n de probarlo, habr\u00edan cometido la agresi\u00f3n al Ministro de Seguridad de la Provincia de Buenos Aires. Sergio Berni (dejando aclarado que \u00e9l no hizo ninguna denuncia al respecto, seg\u00fan lo ha manifestado p\u00fablicamente)\u201d.<\/p>\n<p><strong>El comunicado<\/strong><\/p>\n<p>Seg\u00fan el gremio: \u201cLos compa\u00f1eros detenidos son trabajadores, que, si efectivamente realizaron alg\u00fan hecho punible, lo hicieron en el marco social descripto, sumada la impotencia por el asesinato a sangre fr\u00eda de un par, tambi\u00e9n conductor, a punto de jubilarse, que recibi\u00f3 un tiro en el pecho\u201d.<\/p>\n<p>\u201cSorprende la celeridad para la detenci\u00f3n de trabajadores. Hagan el mismo esfuerzo y despliegue para atrapar a los delincuentes, no para trabajadores v\u00edctimas de la impotencia y desamparo de parte del Estado en todas sus variantes, que tiene la obligaci\u00f3n de cuidar a los choferes y a toda la sociedad\u201d, se quej\u00f3 la UTA.<\/p>\n<p>El texto cierra: \u201cReclamamos la libertad inmediata de los compa\u00f1eros detenidos, que obviamente se encuentran a derecho; y exigimos que la justicia y las fuerzas de seguridad pongan su empe\u00f1o total para encontrar y juzgar a el\/los asesinos del Cro. Daniel Barrientos\u201d<strong>(VW)<\/strong>.<\/p>\n<p>&nbsp;<\/p>\n","protected":false},"excerpt":{"rendered":"<p>La c\u00fapula del gremio pidi\u00f3 la inmediata libertad de los dos detenidos. Duro cuestionamiento a la realziaci\u00f3n de los procedimientos por la violencia aplicada.\u00a0<\/p>\n","protected":false},"author":3,"featured_media":10222,"comment_status":"closed","ping_status":"closed","sticky":false,"template":"","format":"standard","meta":{"_monsterinsights_skip_tracking":false,"_monsterinsights_sitenote_active":false,"_monsterinsights_sitenote_note":"","_monsterinsights_sitenote_category":0,"footnotes":""},"categories":[3],"tags":[512,4053,4235,2697],"class_list":["post-10221","post","type-post","status-publish","format-standard","has-post-thumbnail","hentry","category-actualidad","tag-berni","tag-choferes","tag-detenciones","tag-uta"],"_links":{"self":[{"href":"https:\/\/www.visionweb.com.ar\/index.php?rest_route=\/wp\/v2\/posts\/10221","targetHints":{"allow":["GET"]}}],"collection":[{"href":"https:\/\/www.visionweb.com.ar\/index.php?rest_route=\/wp\/v2\/posts"}],"about":[{"href":"https:\/\/www.visionweb.com.ar\/index.php?rest_route=\/wp\/v2\/types\/post"}],"author":[{"embeddable":true,"href":"https:\/\/www.visionweb.com.ar\/index.php?rest_route=\/wp\/v2\/users\/3"}],"replies":[{"embeddable":true,"href":"https:\/\/www.visionweb.com.ar\/index.php?rest_route=%2Fwp%2Fv2%2Fcomments&post=10221"}],"version-history":[{"count":1,"href":"https:\/\/www.visionweb.com.ar\/index.php?rest_route=\/wp\/v2\/posts\/10221\/revisions"}],"predecessor-version":[{"id":10223,"href":"https:\/\/www.visionweb.com.ar\/index.php?rest_route=\/wp\/v2\/posts\/10221\/revisions\/10223"}],"wp:featuredmedia":[{"embeddable":true,"href":"https:\/\/www.visionweb.com.ar\/index.php?rest_route=\/wp\/v2\/media\/10222"}],"wp:attachment":[{"href":"https:\/\/www.visionweb.com.ar\/index.php?rest_route=%2Fwp%2Fv2%2Fmedia&parent=10221"}],"wp:term":[{"taxonomy":"category","embeddable":true,"href":"https:\/\/www.visionweb.com.ar\/index.php?rest_route=%2Fwp%2Fv2%2Fcategories&post=10221"},{"taxonomy":"post_tag","embeddable":true,"href":"https:\/\/www.visionweb.com.ar\/index.php?rest_route=%2Fwp%2Fv2%2Ftags&post=10221"}],"curies":[{"name":"wp","href":"https:\/\/api.w.org\/{rel}","templated":true}]}}