{"id":10217,"date":"2023-04-06T11:42:45","date_gmt":"2023-04-06T14:42:45","guid":{"rendered":"https:\/\/www.visionweb.com.ar\/?p=10217"},"modified":"2023-04-06T11:42:45","modified_gmt":"2023-04-06T14:42:45","slug":"provincia-una-por-una-todas-las-fiestas-de-semana-santa","status":"publish","type":"post","link":"https:\/\/www.visionweb.com.ar\/?p=10217","title":{"rendered":"Provincia: Una por una, todas las fiestas de Semana Santa"},"content":{"rendered":"<p><em><strong>Villa Gesell, General Alvear, Necochea, Dolores y otros municipios de la Provincia ofrecen a la comunidad diversos eventos para disfrutar del fin de semana en conmemoraci\u00f3n a las Pascuas. Aqu\u00ed toda la info.<\/strong><\/em><strong>\u00a0<\/strong><!--more--><\/p>\n<div id=\"attachment_10218\" style=\"width: 294px\" class=\"wp-caption alignright\"><img loading=\"lazy\" decoding=\"async\" aria-describedby=\"caption-attachment-10218\" class=\"wp-image-10218 size-full\" src=\"https:\/\/www.visionweb.com.ar\/wp-content\/uploads\/2023\/04\/sem-santa-gral-belgrano.png\" alt=\"\" width=\"284\" height=\"284\" srcset=\"https:\/\/www.visionweb.com.ar\/wp-content\/uploads\/2023\/04\/sem-santa-gral-belgrano.png 284w, https:\/\/www.visionweb.com.ar\/wp-content\/uploads\/2023\/04\/sem-santa-gral-belgrano-150x150.png 150w, https:\/\/www.visionweb.com.ar\/wp-content\/uploads\/2023\/04\/sem-santa-gral-belgrano-80x80.png 80w, https:\/\/www.visionweb.com.ar\/wp-content\/uploads\/2023\/04\/sem-santa-gral-belgrano-65x65.png 65w\" sizes=\"auto, (max-width: 284px) 100vw, 284px\" \/><p id=\"caption-attachment-10218\" class=\"wp-caption-text\">Villa General Belgrano ofrece desde un bici tour, presentaci\u00f3n de artistas, hasta avistaje de aves. Foto: Municipio<\/p><\/div>\n<p><strong>L<\/strong>leg\u00f3 la Semana Santa y muchos municipios de la\u00a0provincia de Buenos Aires realizar\u00e1n\u00a0fiestas de <strong>Pascuas<\/strong>\u00a0con diversas actividades, \u00a0donde se recuerda la entrada de Cristo a Jerusal\u00e9n, la \u00faltima cena, su viacrucis, su muerte y su resurrecci\u00f3n a trav\u00e9s de actividades como misas, procesiones y otros eventos.<\/p>\n<p>El 7 de abril, ser\u00e1 \u00abViernes Santo\u00bb, fecha estipulada como feriado nacional inamovible por el Gobierno argentino.\u00a0Mientras, el Ministerio del Interior identifica al jueves 6 de abril como \u00abno laborable\u00bb.<\/p>\n<p><strong>Pascuas en el Bosque, Villa Gesell<\/strong><\/p>\n<p><strong>Actividades culturales, expositores de chocolates, gastronom\u00eda, juegos para las infancias y los tradicionales huevos de pascuas pintados por alumnos de diferentes escuelas se desarrollar\u00e1n este fin de semana de Pascuas en Villa Gesell.<\/strong>\u00a0Ser\u00e1 del jueves 6 al domingo 9, de 11.00 a 17.00, en el Pinar del Norte, calle 303 y Alameda 202.<\/p>\n<p>Adem\u00e1s, el viernes 7, a las 19:00, desde Paseo 111 y Playa, se realizar\u00e1 el Viacrucis Viviente. El evento es completamente gratuito y organizado por la Secretar\u00eda de Turismo de la Municipalidad de Villa Gesell.<\/p>\n<p><strong>Semana Santa en el Pueblo Santa Mar\u00eda,\u00a0Coronel Su\u00e1rez<\/strong><\/p>\n<p>Del jueves 6 al s\u00e1bado 8, en diferentes horarios,<strong>\u00a0en la parroquia Natividad de Mar\u00eda Sant\u00edsima se realizar\u00e1n diversas actividades para celebrar Semana Santa<\/strong>. Organizado por la parroquia Natividad de Mar\u00eda Sant\u00edsima con el acompa\u00f1amiento del Municipio de Coronel Su\u00e1rez, tendr\u00e1 entrada libre y gratuita. Cronograma lit\u00fargico:<\/p>\n<ul>\n<li>Jueves 6, a las 19:30 y hasta las 08:00: celebraci\u00f3n con adoraci\u00f3n.<\/li>\n<li>Viernes 7, a las 10:00: rezo del Viacrucis en la Cruz Gloriosa de Amor. A las 15:00, rezo de la Coronilla de la Divina Misericordia. A las 15:30, celebraci\u00f3n de la Pasi\u00f3n. A las 18:00, veneraci\u00f3n de la Madre Dolorosa. A las 19:30, V\u00eda Crucis viviente en el predio de la iglesia.<\/li>\n<li>S\u00e1bado 8, a las 20:30: finaliza con la realizaci\u00f3n de la santa misa.<\/li>\n<\/ul>\n<p><strong>Semana Santa en Florencio Varela<\/strong><\/p>\n<p>En Florencio Varela, el Santuario Nuevo Schoenstatt ser\u00e1 el protagonista de Semana Santa. Del jueves 6 al domingo 9, en distintos horarios, habr\u00e1 una serie de actividades lit\u00fargicas, con entrada libre y gratuita:<\/p>\n<ul>\n<li>Jueves:, representaci\u00f3n de la Pasi\u00f3n.<\/li>\n<li>Viernes: V\u00eda Crucis.<\/li>\n<li>S\u00e1bado: Peregrinaci\u00f3n del Silencio y Vigilia Pascual.<\/li>\n<li>Domingo: b\u00fasqueda del Conejo de Pascuas y Santa Misa.<\/li>\n<\/ul>\n<p><strong>Semana Santa en General Belgrano<\/strong><\/p>\n<p>Desde el jueves 6 al domingo 9, en distintos espacios f\u00edsicos de la ciudad, habr\u00e1: visitas guiadas al Bosque Encantado, Exposici\u00f3n Cultural y la Feria de Artesanos en el Balneario Viejo, en av. Sarmiento y calle 44. Especialmente, el viernes 7 a las 20:00, en la Plaza 1\u00b0 de Agosto, har\u00e1n el V\u00eda Crucis y procesi\u00f3n con antorchas.<\/p>\n<p>Por otro lado, el viernes 7 y s\u00e1bado 8, a las 17:00, se realizar\u00e1 un Bici Tour, que partir\u00e1 del camping municipal: recorrer\u00e1 el eje c\u00edvico, las parroquias, plaza, cine, teatro, museo y zona balnearia. Tambi\u00e9n<strong>\u00a0habr\u00e1 un avistaje de aves y patio de comidas con presentaciones de artistas locales en el Balneario Viejo. Para finalizar, el domingo 9 se realizar\u00e1 un taller de astroturismo.<\/strong><\/p>\n<p><strong>Semana Santa en General Alvear<\/strong><\/p>\n<p>Del jueves 6 al domingo 9, se realizar\u00e1n diversas actividades en la parroquia San Jos\u00e9. As\u00ed, el viernes 7 a las 18:00, estar\u00e1 el V\u00eda Crucis en la Plaza Principal que partir\u00e1 de la parroquia San Jos\u00e9. La actividad es completamente gratuita.<\/p>\n<p><strong>Celebraci\u00f3n de Pascuas en Dolores<\/strong><\/p>\n<p>En Dolores la celebraci\u00f3n de Pascuas ser\u00e1 del viernes 7 al domingo 9, en distintos horarios y espacios de la ciudad.\u00a0<strong>Habr\u00e1 una feria gastron\u00f3mica en calle San Mart\u00edn, y feria comercial en calle Castelli, con diversas elaboraciones y productos como roscas y huevos de pascuas.<\/strong>\u00a0El Cronograma:<\/p>\n<ul>\n<li>Viernes a las 18:00: celebraci\u00f3n de la Pasi\u00f3n en la parroquia Nuestra Se\u00f1ora de los Dolores. A las 19:00, Procesi\u00f3n V\u00eda Crucis.<\/li>\n<li>S\u00e1bado, a las 17:00: se presentar\u00e1 la Orquesta Escuela en la Plaza Castelli. A las 18:00, visita guiada a la parroquia -se repetir\u00e1 al d\u00eda siguiente-. A las 20:00, Vigilia Pascual.<\/li>\n<li>Domingo tanto a las 11:00 como a las 20:00, Misa de Domingo de Pascua.<\/li>\n<\/ul>\n<p><strong>Semana Santa 2023 en Necochea<\/strong><\/p>\n<p>Este s\u00e1bado 8 y domingo 9, de 15:00 a 20:00, en la plaza Dardo Rocha, en av. 59 entre calles 56 y 60, habr\u00e1 una recorrida guiada por el circuito casco hist\u00f3rico que incluye a la Iglesia Santa Mar\u00eda del Carmen, la feria de microemprendimientos y artesan\u00edas con productos relacionados a la fecha religiosa.<\/p>\n<p>Organizado por la Municipalidad de Necochea con entrada gratuita, realizar\u00e1n obras de teatro, bandas en vivo, degustaci\u00f3n de la Rosca de Pascua y juegos infantiles.<\/p>\n<p><strong>Semana Santa en Chascom\u00fas y Cierre de Temporada<\/strong><\/p>\n<p><strong>Bandas en vivo, shows infantiles, actividades recreativas, paseo gastron\u00f3mico y de emprendimientos, stands municipales con talleres, charlas y juegos<\/strong>\u00a0habr\u00e1 en la celebraci\u00f3n de Semana Santa de Chascom\u00fas.<\/p>\n<p>Adem\u00e1s, el viernes 7 y el s\u00e1bado 8, se realizar\u00e1 M\u00fasica en Movimiento Performance VI, en el Museo Pampeano e interior del Museo Aero Solar. Durante los encuentros se llevar\u00e1n a cabo conciertos de la orquesta de guitarras. La entrada es gratuita. <strong>(VW)<\/strong><\/p>\n<p>&nbsp;<\/p>\n","protected":false},"excerpt":{"rendered":"<p>Villa Gesell, General Alvear, Necochea, Dolores y otros municipios de la Provincia ofrecen a la comunidad diversos eventos para disfrutar del fin de semana en conmemoraci\u00f3n a las Pascuas. Aqu\u00ed toda la info.\u00a0<\/p>\n","protected":false},"author":4,"featured_media":10218,"comment_status":"closed","ping_status":"closed","sticky":false,"template":"","format":"standard","meta":{"_monsterinsights_skip_tracking":false,"_monsterinsights_sitenote_active":false,"_monsterinsights_sitenote_note":"","_monsterinsights_sitenote_category":0,"footnotes":""},"categories":[8],"tags":[4234,356,2071],"class_list":["post-10217","post","type-post","status-publish","format-standard","has-post-thumbnail","hentry","category-interes-general","tag-celebraciones-en-municipios","tag-provincia","tag-semana-santa"],"_links":{"self":[{"href":"https:\/\/www.visionweb.com.ar\/index.php?rest_route=\/wp\/v2\/posts\/10217","targetHints":{"allow":["GET"]}}],"collection":[{"href":"https:\/\/www.visionweb.com.ar\/index.php?rest_route=\/wp\/v2\/posts"}],"about":[{"href":"https:\/\/www.visionweb.com.ar\/index.php?rest_route=\/wp\/v2\/types\/post"}],"author":[{"embeddable":true,"href":"https:\/\/www.visionweb.com.ar\/index.php?rest_route=\/wp\/v2\/users\/4"}],"replies":[{"embeddable":true,"href":"https:\/\/www.visionweb.com.ar\/index.php?rest_route=%2Fwp%2Fv2%2Fcomments&post=10217"}],"version-history":[{"count":1,"href":"https:\/\/www.visionweb.com.ar\/index.php?rest_route=\/wp\/v2\/posts\/10217\/revisions"}],"predecessor-version":[{"id":10219,"href":"https:\/\/www.visionweb.com.ar\/index.php?rest_route=\/wp\/v2\/posts\/10217\/revisions\/10219"}],"wp:featuredmedia":[{"embeddable":true,"href":"https:\/\/www.visionweb.com.ar\/index.php?rest_route=\/wp\/v2\/media\/10218"}],"wp:attachment":[{"href":"https:\/\/www.visionweb.com.ar\/index.php?rest_route=%2Fwp%2Fv2%2Fmedia&parent=10217"}],"wp:term":[{"taxonomy":"category","embeddable":true,"href":"https:\/\/www.visionweb.com.ar\/index.php?rest_route=%2Fwp%2Fv2%2Fcategories&post=10217"},{"taxonomy":"post_tag","embeddable":true,"href":"https:\/\/www.visionweb.com.ar\/index.php?rest_route=%2Fwp%2Fv2%2Ftags&post=10217"}],"curies":[{"name":"wp","href":"https:\/\/api.w.org\/{rel}","templated":true}]}}