{"id":10214,"date":"2023-04-06T10:35:04","date_gmt":"2023-04-06T13:35:04","guid":{"rendered":"https:\/\/www.visionweb.com.ar\/?p=10214"},"modified":"2023-04-06T10:35:04","modified_gmt":"2023-04-06T13:35:04","slug":"semana-santa-cronograma-de-servicios-en-lanus-para-este-fin-de-semana-largo","status":"publish","type":"post","link":"https:\/\/www.visionweb.com.ar\/?p=10214","title":{"rendered":"Semana Santa: Cronograma de servicios en Lan\u00fas para este fin de semana largo"},"content":{"rendered":"<p><em><strong>El\u00a0Centro de Monitoreo\u00a0y\u00a0Defensa Civil\u00a0funcionar\u00e1n con normalidad; \u00a0habr\u00e1 guardas pasivas en Ni\u00f1ez, violencia familiar y de g\u00e9nero. La recolecci\u00f3n de residuos tambi\u00e9n ser\u00e1 normal.<\/strong><\/em><!--more--><\/p>\n<p><strong><img loading=\"lazy\" decoding=\"async\" class=\"size-medium wp-image-10215 alignright\" src=\"https:\/\/www.visionweb.com.ar\/wp-content\/uploads\/2023\/04\/muni-lanus-300x190.png\" alt=\"\" width=\"300\" height=\"190\" srcset=\"https:\/\/www.visionweb.com.ar\/wp-content\/uploads\/2023\/04\/muni-lanus-300x190.png 300w, https:\/\/www.visionweb.com.ar\/wp-content\/uploads\/2023\/04\/muni-lanus.png 338w\" sizes=\"auto, (max-width: 300px) 100vw, 300px\" \/>\u00a0 E<\/strong>l <strong>Municipio<\/strong> <strong>de<\/strong> <strong>Lan\u00fas<\/strong> inform\u00f3 el cronograma de servicios para este fin de semana largo que comenz\u00f3 hoy jueves, donde habr\u00e1 servicios de guardias en los centros de salud, pero no habr\u00e1 actividades programadas en consultorios externos.<\/p>\n<p>En este sentido las autoridades informaron que tanto el\u00a0<strong>Centro de Monitoreo<\/strong>\u00a0como\u00a0<strong>Defensa Civil\u00a0<\/strong>funcionar\u00e1n con normalidad; mientras que habr\u00e1 <strong>guardas<\/strong> <strong>pasivas<\/strong> <strong>en<\/strong> <strong>Ni\u00f1ez<\/strong>, <strong>violencia<\/strong> <strong>familiar<\/strong> y de <strong>g\u00e9nero<\/strong>.<\/p>\n<p>El\u00a0<strong>cementerio municipal<\/strong>\u00a0estar\u00e1 abierto de 8 a 17, \u00a0horario que rige para ambos d\u00edas.<\/p>\n<p>La\u00a0<strong>recolecci\u00f3n de residuos<\/strong>\u00a0ser\u00e1 normal tanto el jueves como el viernes y los parques permanecer\u00e1n abiertos, aunque las actividades deportivas fueron suspendidas.<\/p>\n<p>El\u00a0<strong>Museo de Artes Contempor\u00e1neas del Sur<\/strong>\u00a0(MACSur) abre sus puertas con propuestas para la comunidad.<\/p>\n<p>En cuanto a los\u00a0<strong>centros de salud<\/strong>, <strong>funcionar\u00e1n<\/strong> <strong>con<\/strong> <strong>guardias<\/strong>, aunque no hay consultorios externos.<\/p>\n<p>Las sedes del\u00a0<strong>Centro de Atenci\u00f3n al Vecino<\/strong>\u00a0(CAV) permanecer\u00e1n cerradas, al igual que la sede de Licencias de Conducir y la Casa de la Cultura.<\/p>\n<p>El NIDO de Chingolo y Jard\u00edn no abren, como tampoco lo hace MACU y AnMAC. <strong>(VW)<\/strong><\/p>\n<p>&nbsp;<\/p>\n","protected":false},"excerpt":{"rendered":"<p>El\u00a0Centro de Monitoreo\u00a0y\u00a0Defensa Civil\u00a0funcionar\u00e1n con normalidad; \u00a0habr\u00e1 guardas pasivas en Ni\u00f1ez, violencia familiar y de g\u00e9nero. La recolecci\u00f3n de residuos tambi\u00e9n ser\u00e1 normal.<\/p>\n","protected":false},"author":4,"featured_media":10215,"comment_status":"closed","ping_status":"closed","sticky":false,"template":"","format":"standard","meta":{"_monsterinsights_skip_tracking":false,"_monsterinsights_sitenote_active":false,"_monsterinsights_sitenote_note":"","_monsterinsights_sitenote_category":0,"footnotes":""},"categories":[8],"tags":[1580,3976,4233],"class_list":["post-10214","post","type-post","status-publish","format-standard","has-post-thumbnail","hentry","category-interes-general","tag-guardias","tag-lanus-municipio","tag-servicios-en-semana-santa"],"_links":{"self":[{"href":"https:\/\/www.visionweb.com.ar\/index.php?rest_route=\/wp\/v2\/posts\/10214","targetHints":{"allow":["GET"]}}],"collection":[{"href":"https:\/\/www.visionweb.com.ar\/index.php?rest_route=\/wp\/v2\/posts"}],"about":[{"href":"https:\/\/www.visionweb.com.ar\/index.php?rest_route=\/wp\/v2\/types\/post"}],"author":[{"embeddable":true,"href":"https:\/\/www.visionweb.com.ar\/index.php?rest_route=\/wp\/v2\/users\/4"}],"replies":[{"embeddable":true,"href":"https:\/\/www.visionweb.com.ar\/index.php?rest_route=%2Fwp%2Fv2%2Fcomments&post=10214"}],"version-history":[{"count":1,"href":"https:\/\/www.visionweb.com.ar\/index.php?rest_route=\/wp\/v2\/posts\/10214\/revisions"}],"predecessor-version":[{"id":10216,"href":"https:\/\/www.visionweb.com.ar\/index.php?rest_route=\/wp\/v2\/posts\/10214\/revisions\/10216"}],"wp:featuredmedia":[{"embeddable":true,"href":"https:\/\/www.visionweb.com.ar\/index.php?rest_route=\/wp\/v2\/media\/10215"}],"wp:attachment":[{"href":"https:\/\/www.visionweb.com.ar\/index.php?rest_route=%2Fwp%2Fv2%2Fmedia&parent=10214"}],"wp:term":[{"taxonomy":"category","embeddable":true,"href":"https:\/\/www.visionweb.com.ar\/index.php?rest_route=%2Fwp%2Fv2%2Fcategories&post=10214"},{"taxonomy":"post_tag","embeddable":true,"href":"https:\/\/www.visionweb.com.ar\/index.php?rest_route=%2Fwp%2Fv2%2Ftags&post=10214"}],"curies":[{"name":"wp","href":"https:\/\/api.w.org\/{rel}","templated":true}]}}