{"id":10212,"date":"2023-04-06T10:08:08","date_gmt":"2023-04-06T13:08:08","guid":{"rendered":"https:\/\/www.visionweb.com.ar\/?p=10212"},"modified":"2023-04-06T20:25:52","modified_gmt":"2023-04-06T23:25:52","slug":"anibal-fernandez-y-sergio-berni-acordaqron-trabajar-juntos","status":"publish","type":"post","link":"https:\/\/www.visionweb.com.ar\/?p=10212","title":{"rendered":"An\u00edbal Fern\u00e1ndez y Sergio Berni acordaron trabajar juntos"},"content":{"rendered":"<p><strong><em>Luego de los chisporroteos que se produjeron entre los ministros de Serguridad de naci\u00f3n y provincia, acordaron aunar criterios para mejorar la prevenci\u00f3n y la seguridad en el AMBA.<\/em><\/strong><!--more--><\/p>\n<p><strong><img loading=\"lazy\" decoding=\"async\" class=\"size-medium wp-image-5160 alignright\" src=\"https:\/\/www.visionweb.com.ar\/wp-content\/uploads\/2022\/04\/PLAN-DE-SEGURIDAD-LANUS-300x212.jpg\" alt=\"\" width=\"300\" height=\"212\" srcset=\"https:\/\/www.visionweb.com.ar\/wp-content\/uploads\/2022\/04\/PLAN-DE-SEGURIDAD-LANUS-300x212.jpg 300w, https:\/\/www.visionweb.com.ar\/wp-content\/uploads\/2022\/04\/PLAN-DE-SEGURIDAD-LANUS.jpg 576w\" sizes=\"auto, (max-width: 300px) 100vw, 300px\" \/>L<\/strong>uego de los fuertes cruces en torno al despliegue de Gendarmes en el Conurbano los ministros de seguridad de Naci\u00f3n y Provincia, An\u00edbal Fern\u00e1ndez y Sergio Berni se comunicaron esta tarde y acordaron bajar el tono de los cruces: \u201cdijeron que van a trabajar juntos\u201d, explicaron fuentes al tanto de esa conversaci\u00f3n.<\/p>\n<p>Este mi\u00e9rcoles, Fern\u00e1ndez hab\u00eda cargado duro contra el gobernador Axel Kicillof, a quien acus\u00f3 de \u201cdesconocer lo que sucede\u201d en la provincia por reclamar el env\u00edo de seis mil gendarmes, que el ministro nacional afirma que ya est\u00e1n en el Conurbano. Respecto de Berni, hab\u00eda se\u00f1alado que quiso comunicarse tras las agresiones que sufri\u00f3 pero que no le atendi\u00f3 el tel\u00e9fono\u2026<\/p>\n<p>Pero eso cambi\u00f3 por la tarde: seg\u00fan supo DIB, Fern\u00e1ndez finalmente logr\u00f3 que Berni le conteste el tel\u00e9fono. Hablaron en buenos t\u00e9rminos, de \u201ctrabajar juntos\u201d, dijeron fuentes al tanto de la conversaci\u00f3n. \u201cEsto (por los cruces) termina ac\u00e1\u201d, se\u00f1alaron, en referencia a la voluntad que habr\u00edan expresado los funcionarios de terminar con los desencuentros.<\/p>\n<p>Antes, el jefe de Asesores de Kicillof, Carlos Bianco, hab\u00eda elevado la temperatura con un cruce del alto voltaje pol\u00edtico contra Fern\u00e1ndez, al desafiarlo a que se presente como candidato a gobernador en las PASO. \u201cinclusive ahora que se habla de una PASO a nivel nacional y provincial, podr\u00eda ser Fern\u00e1ndez presidente y Fern\u00e1ndez gobernador. Los Fern\u00e1ndez ser\u00eda la f\u00f3rmula\u201d, ironiz\u00f3 el funcionario.<\/p>\n<p>El tono cambiar\u00eda a partir de ahora. \u201cAn\u00edbal insisti\u00f3, lo llam\u00f3 y Berni atendi\u00f3\u201d, contaron las fuentes. La conversaci\u00f3n marcar\u00eda el fin de las hostilidades p\u00fablicas entre ambos<\/p>\n<p>M\u00e1s temprano, se produjo una reuni\u00f3n en la que se comenz\u00f3 a trabajar con el Comando Unificado Conurbano (CUC), el organismo para coordinar los despliegues de fuerzas en el Conurbano. La reuni\u00f3n fue encabezada por la secretaria de Seguridad y Pol\u00edtica Criminal, Mercedes La Gioiosa y participaron secretarios de seguridad de municipios.<\/p>\n<p>Estuvieron los de Escobar, Pilar, General Rodr\u00edguez y Marcos Paz que conforman el Comando I Norte; La Matanza englobados en el comando III Suroeste; y con los titulares de las \u00e1reas de Seguridad de los municipios de Avellaneda, Lan\u00fas, Quilmes, Lomas de Zamora, Esteban Echeverr\u00eda, Almirante Brown y Ezeiza por el Comando IV Sur.<\/p>\n<p>De las reuniones que se llevaron adelante en la sede del Ministerio de Seguridad tambi\u00e9n participaron miembros de Gendarmer\u00eda, Prefectura Naval, Polic\u00eda Federal y Polic\u00eda de Seguridad Aeroportuaria, pero no del ministerio de Seguridad provincial.<\/p>\n<p>El pr\u00f3ximo martes continuar\u00e1n las reuniones con el comando noroeste y La Plata, se inform\u00f3 oficialmente desde Naci\u00f3n<strong>(VW)<\/strong><\/p>\n<p><strong>Fuente: Agencia DIB<\/strong><\/p>\n","protected":false},"excerpt":{"rendered":"<p>Luego de los chisporroteos que se produjeron entre los ministros de Serguridad de naci\u00f3n y provincia, acordaron aunar criterios para mejorar la prevenci\u00f3n y la seguridad en el AMBA.<\/p>\n","protected":false},"author":3,"featured_media":5160,"comment_status":"closed","ping_status":"closed","sticky":false,"template":"","format":"standard","meta":{"_monsterinsights_skip_tracking":false,"_monsterinsights_sitenote_active":false,"_monsterinsights_sitenote_note":"","_monsterinsights_sitenote_category":0,"footnotes":""},"categories":[3,4],"tags":[512,15,4232,529],"class_list":["post-10212","post","type-post","status-publish","format-standard","has-post-thumbnail","hentry","category-actualidad","category-politica","tag-berni","tag-fernandez","tag-gendarmeria","tag-seguridad"],"_links":{"self":[{"href":"https:\/\/www.visionweb.com.ar\/index.php?rest_route=\/wp\/v2\/posts\/10212","targetHints":{"allow":["GET"]}}],"collection":[{"href":"https:\/\/www.visionweb.com.ar\/index.php?rest_route=\/wp\/v2\/posts"}],"about":[{"href":"https:\/\/www.visionweb.com.ar\/index.php?rest_route=\/wp\/v2\/types\/post"}],"author":[{"embeddable":true,"href":"https:\/\/www.visionweb.com.ar\/index.php?rest_route=\/wp\/v2\/users\/3"}],"replies":[{"embeddable":true,"href":"https:\/\/www.visionweb.com.ar\/index.php?rest_route=%2Fwp%2Fv2%2Fcomments&post=10212"}],"version-history":[{"count":2,"href":"https:\/\/www.visionweb.com.ar\/index.php?rest_route=\/wp\/v2\/posts\/10212\/revisions"}],"predecessor-version":[{"id":10224,"href":"https:\/\/www.visionweb.com.ar\/index.php?rest_route=\/wp\/v2\/posts\/10212\/revisions\/10224"}],"wp:featuredmedia":[{"embeddable":true,"href":"https:\/\/www.visionweb.com.ar\/index.php?rest_route=\/wp\/v2\/media\/5160"}],"wp:attachment":[{"href":"https:\/\/www.visionweb.com.ar\/index.php?rest_route=%2Fwp%2Fv2%2Fmedia&parent=10212"}],"wp:term":[{"taxonomy":"category","embeddable":true,"href":"https:\/\/www.visionweb.com.ar\/index.php?rest_route=%2Fwp%2Fv2%2Fcategories&post=10212"},{"taxonomy":"post_tag","embeddable":true,"href":"https:\/\/www.visionweb.com.ar\/index.php?rest_route=%2Fwp%2Fv2%2Ftags&post=10212"}],"curies":[{"name":"wp","href":"https:\/\/api.w.org\/{rel}","templated":true}]}}