{"id":10204,"date":"2023-04-05T15:28:53","date_gmt":"2023-04-05T18:28:53","guid":{"rendered":"https:\/\/www.visionweb.com.ar\/?p=10204"},"modified":"2023-04-05T15:34:11","modified_gmt":"2023-04-05T18:34:11","slug":"caba-la-inflacion-de-marzo-dio-71","status":"publish","type":"post","link":"https:\/\/www.visionweb.com.ar\/?p=10204","title":{"rendered":"CABA: La inflaci\u00f3n de marzo dio 7,1%"},"content":{"rendered":"<p><em><strong>Lleg\u00f3 al 105,5% anual. El rubro\u00a0Educaci\u00f3n\u00a0promedi\u00f3 un alza de 23,2% e incidi\u00f3 con 0,97 puntos. El viernes 14 se conocer\u00e1 el informe del Indec a nivel nacional.<\/strong><\/em><!--more--><\/p>\n<p><img loading=\"lazy\" decoding=\"async\" class=\"size-medium wp-image-9672 alignright\" src=\"https:\/\/www.visionweb.com.ar\/wp-content\/uploads\/2023\/02\/Supermercado-canasta-300x225.jpg\" alt=\"\" width=\"300\" height=\"225\" srcset=\"https:\/\/www.visionweb.com.ar\/wp-content\/uploads\/2023\/02\/Supermercado-canasta-300x225.jpg 300w, https:\/\/www.visionweb.com.ar\/wp-content\/uploads\/2023\/02\/Supermercado-canasta-320x240.jpg 320w, https:\/\/www.visionweb.com.ar\/wp-content\/uploads\/2023\/02\/Supermercado-canasta.bmp 400w\" sizes=\"auto, (max-width: 300px) 100vw, 300px\" \/>\u00a0 <strong>L<\/strong>a Direcci\u00f3n General de Estad\u00edstica y Censos porte\u00f1a, \u00a0inform\u00f3 este mi\u00e9rcoles que el \u00a0<strong>\u00cdndice de Precios al Consumidor<\/strong>\u00a0(IPC) de\u00a0<strong>marzo\u00a0<\/strong>en la Ciudad de Buenos Aires fue del 7,1% respecto de\u00a0<strong>febrero<\/strong>, y el porcentual anual se ubic\u00f3 en 105,5%.<\/p>\n<p>El\u00a0<strong>rubro educaci\u00f3n\u00a0<\/strong>fue muy fuerte por el efecto estacional del inicio del ciclo lectivo, ya que registr\u00f3 un incremento del 23,2% y aport\u00f3 0,97 punto porcentual al nivel general.<\/p>\n<p>En CABA,\u00a0<strong>seis rubros explicaron el 77,5% del alza\u00a0<\/strong>del nivel general registrado en marzo: Alimentos y bebidas no alcoh\u00f3licas; Vivienda, agua, electricidad, gas y otros combustibles; Educaci\u00f3n; Transporte; Salud y Prendas de vestir y calzado.<\/p>\n<p><strong>Alimentos y bebidas no alcoh\u00f3licas<\/strong>, el rubro de mayor ponderaci\u00f3n, promedi\u00f3 una suba de 9,1%, y contribuy\u00f3 con 1,62 punto porcentual a la variaci\u00f3n mensual global.<\/p>\n<p>En ese rubro, el principal impulso provino de\u00a0<strong>Carnes y derivados\u00a0<\/strong>(12,6%),\u00a0<strong>Leche, productos l\u00e1cteos y huevos\u00a0<\/strong>(10,1%), Pan y cereales (6,3%), Verduras, tub\u00e9rculos y legumbres (11,2%) y Frutas (10,9%).<\/p>\n<p><strong>Prendas de vestir y calzado\u00a0<\/strong>promedi\u00f3 una suba de 10,1% e incidi\u00f3 en 0,57 puntos, como resultado del comportamiento estacional de la divisi\u00f3n.<\/p>\n<p><strong>Vivienda, agua, electricidad, gas y otros combustibles\u00a0<\/strong>aument\u00f3 6,3% e incidi\u00f3 en 1,12 punto en el \u00edndice general, al impactar principalmente las subas en los precios de los alquileres, seguidos en orden de importancia, los ajustes en los valores de los gastos comunes de la vivienda, los incrementos en la tarifa residencial del servicio de suministro de agua y los de gas natural por red.<\/p>\n<p>Por su parte, el rubro\u00a0<strong>Educaci\u00f3n\u00a0<\/strong>promedi\u00f3 un alza de 23,2% e incidi\u00f3 0,97 puntos, como resultado de los incrementos en las cuotas de los establecimientos de ense\u00f1anza con el inicio del per\u00edodo lectivo.<\/p>\n<p>Transporte registr\u00f3 una suba de 6,3% e incidi\u00f3 0,63 punto, debido a la actualizaci\u00f3n en los precios de los autom\u00f3viles y en la tarifa del viaje en taxi, que entr\u00f3 en vigencia el 11 de marzo, seguidos por los incrementos en los valores de los combustibles y lubricantes para veh\u00edculos de uso del hogar.<\/p>\n<p>Salud aument\u00f3 6,9%, con una incidencia de 0,59 punto porcentual, por los ajustes en las cuotas de medicina prepaga y, en menor medida, las alzas en los valores de los medicamentos.<\/p>\n<p>Por su parte, el Instituto Nacional de Estad\u00edstica y Censos (Indec) informar\u00e1 el viernes 14 de julio el \u00edndice de precios al consumidor de marzo a nivel nacional. Y de acuerdo a la cifra dada a conocer por la Ciudad, y a la vez sobre la base de los pron\u00f3sticos de las consultoras privadas, la inflaci\u00f3n del mes de marzo se ubicar\u00e1 cerca del 7% a nivel nacional. <strong>(VW)<\/strong><\/p>\n<p>&nbsp;<\/p>\n","protected":false},"excerpt":{"rendered":"<p>Lleg\u00f3 al 105,5% anual. El rubro\u00a0Educaci\u00f3n\u00a0promedi\u00f3 un alza de 23,2% e incidi\u00f3 con 0,97 puntos. El viernes 14 se conocer\u00e1 el informe del Indec a nivel nacional.<\/p>\n","protected":false},"author":4,"featured_media":9672,"comment_status":"closed","ping_status":"closed","sticky":false,"template":"","format":"standard","meta":{"_monsterinsights_skip_tracking":false,"_monsterinsights_sitenote_active":false,"_monsterinsights_sitenote_note":"","_monsterinsights_sitenote_category":0,"footnotes":""},"categories":[6],"tags":[4227,4228,4226,2557],"class_list":["post-10204","post","type-post","status-publish","format-standard","has-post-thumbnail","hentry","category-economia","tag-4227","tag-inflacion-caba","tag-ipc-marzo-7","tag-marzo-2023"],"_links":{"self":[{"href":"https:\/\/www.visionweb.com.ar\/index.php?rest_route=\/wp\/v2\/posts\/10204","targetHints":{"allow":["GET"]}}],"collection":[{"href":"https:\/\/www.visionweb.com.ar\/index.php?rest_route=\/wp\/v2\/posts"}],"about":[{"href":"https:\/\/www.visionweb.com.ar\/index.php?rest_route=\/wp\/v2\/types\/post"}],"author":[{"embeddable":true,"href":"https:\/\/www.visionweb.com.ar\/index.php?rest_route=\/wp\/v2\/users\/4"}],"replies":[{"embeddable":true,"href":"https:\/\/www.visionweb.com.ar\/index.php?rest_route=%2Fwp%2Fv2%2Fcomments&post=10204"}],"version-history":[{"count":1,"href":"https:\/\/www.visionweb.com.ar\/index.php?rest_route=\/wp\/v2\/posts\/10204\/revisions"}],"predecessor-version":[{"id":10205,"href":"https:\/\/www.visionweb.com.ar\/index.php?rest_route=\/wp\/v2\/posts\/10204\/revisions\/10205"}],"wp:featuredmedia":[{"embeddable":true,"href":"https:\/\/www.visionweb.com.ar\/index.php?rest_route=\/wp\/v2\/media\/9672"}],"wp:attachment":[{"href":"https:\/\/www.visionweb.com.ar\/index.php?rest_route=%2Fwp%2Fv2%2Fmedia&parent=10204"}],"wp:term":[{"taxonomy":"category","embeddable":true,"href":"https:\/\/www.visionweb.com.ar\/index.php?rest_route=%2Fwp%2Fv2%2Fcategories&post=10204"},{"taxonomy":"post_tag","embeddable":true,"href":"https:\/\/www.visionweb.com.ar\/index.php?rest_route=%2Fwp%2Fv2%2Ftags&post=10204"}],"curies":[{"name":"wp","href":"https:\/\/api.w.org\/{rel}","templated":true}]}}