{"id":10202,"date":"2023-04-05T13:29:12","date_gmt":"2023-04-05T16:29:12","guid":{"rendered":"https:\/\/www.visionweb.com.ar\/?p=10202"},"modified":"2023-04-05T13:29:12","modified_gmt":"2023-04-05T16:29:12","slug":"transito-restringido-por-semana-santa","status":"publish","type":"post","link":"https:\/\/www.visionweb.com.ar\/?p=10202","title":{"rendered":"Tr\u00e1nsito restringido por Semana Santa"},"content":{"rendered":"<p><em><strong>Desde esta tarde habr\u00e1 restricciones de circulaci\u00f3n de camiones de carga de m\u00e1s de 7 toneladas.<\/strong><\/em><!--more--><\/p>\n<p><img loading=\"lazy\" decoding=\"async\" class=\"size-medium wp-image-9646 alignright\" src=\"https:\/\/www.visionweb.com.ar\/wp-content\/uploads\/2023\/02\/restricciones-por-recambio-turistico-300x190.jpg\" alt=\"\" width=\"300\" height=\"190\" srcset=\"https:\/\/www.visionweb.com.ar\/wp-content\/uploads\/2023\/02\/restricciones-por-recambio-turistico-300x190.jpg 300w, https:\/\/www.visionweb.com.ar\/wp-content\/uploads\/2023\/02\/restricciones-por-recambio-turistico.bmp 524w\" sizes=\"auto, (max-width: 300px) 100vw, 300px\" \/> L<strong>a\u00a0<a href=\"https:\/\/twitter.com\/VialidadBA\">Direcci\u00f3n de Vialidad<\/a>\u00a0de la Provincia de Buenos Aires inform\u00f3 que, por el movimiento tur\u00edstico de los feriados del fin de Semana Santa <\/strong>desde este mi\u00e9rcoles y hasta este domingo se restringir\u00e1 la circulaci\u00f3n de camiones en la Autov\u00eda 2, en las rutas provinciales 11, 36, 56, 63, 74, y en la Autopista Buenos Aires-La Plata.<\/p>\n<p>El organismo dependiente del Ministerio de Infraestructura y Servicios P\u00fablicos bonaerense precis\u00f3 que se restringir\u00e1 la circulaci\u00f3n de camiones con carga de m\u00e1s de siete toneladas de porte bruto en\u00a0<strong>la Autov\u00eda 2, en las rutas provinciales 11, 36, 56, 63, 74, y Autopista Buenos Aires\u2013La Plata<\/strong>, \u201ccon el objetivo de facilitar el desplazamiento vehicular y prevenir siniestros de tr\u00e1nsito en rutas tur\u00edsticas\u201d.<\/p>\n<p><strong>De esta manera, en sentido hacia la Costa Atl\u00e1ntica, hoy se restringir\u00e1 la circulaci\u00f3n de camiones de 18 a 23:59, mientras que el jueves el horario de la restricci\u00f3n ser\u00e1 de 6 a 14. <\/strong><\/p>\n<p><strong>Por otra parte, el domingo 9 de abril, en sentido hacia CABA, estar\u00e1 prohibida la circulaci\u00f3n de camiones de 14 a 23:59.<\/strong><\/p>\n<ul>\n<li>El tr\u00e1nsito de veh\u00edculos pesados estar\u00e1 restringido en la Autopista Buenos Aires-La Plata, desde Ciudad Aut\u00f3noma de Buenos Aires hasta La Plata.<\/li>\n<li>En la Ruta Provincial N\u00ba 2 (Autov\u00eda 2) desde el km 40,5 del Ramal Buenos Aires-Mar del Plata, de la Autopista Buenos Aires-La Plata, hasta el Km. 400 (Camet).<\/li>\n<li>En la Ruta Provincial N\u00ba 11, desde intersecci\u00f3n con RP N\u00ba 36 (Pipinas) hasta el Km. 537 (Chapadmalal), mientras que en la Ruta Provincial N\u00ba 36, desde Rotonda RP N\u00ba 10 (Prolongaci\u00f3n Av. 66 \u2013 La Plata) hasta la intersecci\u00f3n con RP N\u00ba 11 (Pipinas)<\/li>\n<li>En la Ruta Provincial N\u00ba 56, desde su intersecci\u00f3n con la RP N\u00ba 11 (General Conesa) hasta su intersecci\u00f3n con la RP N\u00ba 74 (General Madariaga).<\/li>\n<li>En la Ruta Provincial N\u00ba 63, desde Distribuidor de Transito con RP N\u00ba 2 (Dolores) hasta Intersecci\u00f3n con RP N\u00ba 11 (Esquina de Crotto).<\/li>\n<li>En la ruta Provincial N\u00ba 74, desde su intersecci\u00f3n con la RP N\u00ba 56 (Maip\u00fa) hasta su intersecci\u00f3n con la RP N\u00ba 11 (Pinamar).<\/li>\n<\/ul>\n<p>Desde el \u00e1rea provincial precisaron que se except\u00faan \u201cde toda restricci\u00f3n para circular, temporaria o permanente\u201d, a los veh\u00edculos del autotransporte de cargas menores a siete (7) toneladas de porte bruto y a los veh\u00edculos que a continuaci\u00f3n se detallan: los de transporte de leche cruda, productos derivados, y envases asociados; el transporte de animales vivos; de pescado y mariscos congelados; y de productos frutihort\u00edcolas en tr\u00e1nsito; los de prensa y de unidades m\u00f3viles de medios de comunicaci\u00f3n audiovisual.<\/p>\n<p>Lo mismo para los veh\u00edculos de atenci\u00f3n de emergencias; gr\u00faas\/asistencia a veh\u00edculos averiados o accidentados, en el lugar del suceso o para su traslado al punto m\u00e1s pr\u00f3ximo donde pueda quedar depositado, como as\u00ed tambi\u00e9n en regreso en vac\u00edo de un servicio.<\/p>\n<p>Tambi\u00e9n estar\u00e1n exceptuados el transporte de combustible, de gas natural comprimido y gas licuado de petr\u00f3leo; de gases necesarios para el funcionamiento de centros sanitarios, as\u00ed como de gases transportados a particulares para asistencias sanitarias domiciliaria, en ambos casos, cuando se acredite que se transportan a dichos destinos; de medicinas; de dep\u00f3sitos final de residuos s\u00f3lidos urbanos y\/o patog\u00e9nicos; los que deban circular en cumplimiento directo e inmediato de orden judicial y transporte de sebo, hueso y cueros. <strong>(VW)<\/strong><\/p>\n<p>&nbsp;<\/p>\n","protected":false},"excerpt":{"rendered":"<p>Desde esta tarde habr\u00e1 restricciones de circulaci\u00f3n de camiones de carga de m\u00e1s de 7 toneladas.<\/p>\n","protected":false},"author":4,"featured_media":9646,"comment_status":"closed","ping_status":"closed","sticky":false,"template":"","format":"standard","meta":{"_monsterinsights_skip_tracking":false,"_monsterinsights_sitenote_active":false,"_monsterinsights_sitenote_note":"","_monsterinsights_sitenote_category":0,"footnotes":""},"categories":[1],"tags":[4225,4224,2071],"class_list":["post-10202","post","type-post","status-publish","format-standard","has-post-thumbnail","hentry","category-uncategorized","tag-direccion-de-vialidad-bonaerense","tag-restriccion-transito","tag-semana-santa"],"_links":{"self":[{"href":"https:\/\/www.visionweb.com.ar\/index.php?rest_route=\/wp\/v2\/posts\/10202","targetHints":{"allow":["GET"]}}],"collection":[{"href":"https:\/\/www.visionweb.com.ar\/index.php?rest_route=\/wp\/v2\/posts"}],"about":[{"href":"https:\/\/www.visionweb.com.ar\/index.php?rest_route=\/wp\/v2\/types\/post"}],"author":[{"embeddable":true,"href":"https:\/\/www.visionweb.com.ar\/index.php?rest_route=\/wp\/v2\/users\/4"}],"replies":[{"embeddable":true,"href":"https:\/\/www.visionweb.com.ar\/index.php?rest_route=%2Fwp%2Fv2%2Fcomments&post=10202"}],"version-history":[{"count":1,"href":"https:\/\/www.visionweb.com.ar\/index.php?rest_route=\/wp\/v2\/posts\/10202\/revisions"}],"predecessor-version":[{"id":10203,"href":"https:\/\/www.visionweb.com.ar\/index.php?rest_route=\/wp\/v2\/posts\/10202\/revisions\/10203"}],"wp:featuredmedia":[{"embeddable":true,"href":"https:\/\/www.visionweb.com.ar\/index.php?rest_route=\/wp\/v2\/media\/9646"}],"wp:attachment":[{"href":"https:\/\/www.visionweb.com.ar\/index.php?rest_route=%2Fwp%2Fv2%2Fmedia&parent=10202"}],"wp:term":[{"taxonomy":"category","embeddable":true,"href":"https:\/\/www.visionweb.com.ar\/index.php?rest_route=%2Fwp%2Fv2%2Fcategories&post=10202"},{"taxonomy":"post_tag","embeddable":true,"href":"https:\/\/www.visionweb.com.ar\/index.php?rest_route=%2Fwp%2Fv2%2Ftags&post=10202"}],"curies":[{"name":"wp","href":"https:\/\/api.w.org\/{rel}","templated":true}]}}