{"id":10198,"date":"2023-04-05T08:15:03","date_gmt":"2023-04-05T11:15:03","guid":{"rendered":"https:\/\/www.visionweb.com.ar\/?p=10198"},"modified":"2023-04-04T17:27:13","modified_gmt":"2023-04-04T20:27:13","slug":"el-gobierno-actualizo-la-canasta-de-precios-justos-para-frutas-y-verduras","status":"publish","type":"post","link":"https:\/\/www.visionweb.com.ar\/?p=10198","title":{"rendered":"El Gobierno actualiz\u00f3 la canasta de Precios Justos para frutas y verduras"},"content":{"rendered":"<p><strong><em>La Secretar\u00eda de Comercio present\u00f3 los nuevos precios que estar\u00e1n disponibles en las grandes cadenas de supermercados de Amba.<\/em><\/strong><!--more--><\/p>\n<div id=\"attachment_10199\" style=\"width: 310px\" class=\"wp-caption alignright\"><img loading=\"lazy\" decoding=\"async\" aria-describedby=\"caption-attachment-10199\" class=\"wp-image-10199 size-medium\" src=\"https:\/\/www.visionweb.com.ar\/wp-content\/uploads\/2023\/04\/CANASTA-DE-VERDURAS-300x186.png\" alt=\"\" width=\"300\" height=\"186\" srcset=\"https:\/\/www.visionweb.com.ar\/wp-content\/uploads\/2023\/04\/CANASTA-DE-VERDURAS-300x186.png 300w, https:\/\/www.visionweb.com.ar\/wp-content\/uploads\/2023\/04\/CANASTA-DE-VERDURAS.png 640w\" sizes=\"auto, (max-width: 300px) 100vw, 300px\" \/><p id=\"caption-attachment-10199\" class=\"wp-caption-text\"><strong><em>Desde este mi\u00e9rcoles rigen los nuevos precios para la canasta de verduras(Archivo<\/em><\/strong>)<\/p><\/div>\n<p><strong>\u00a0 L<\/strong>a Secretar\u00eda de Comercio de Argentina, en coordinaci\u00f3n con la Asociaci\u00f3n de Supermercados Unidos (ASU) y los principales proveedores del sector, actualiz\u00f3 la canasta para frutas y verduras en el marco de Precios Justos, el programa que busca reducir la expectativa de inflaci\u00f3n y la estabilidad de los precios en el corto plazo.<\/p>\n<p>\u201cEsta canasta mantendr\u00e1 sus precios fijos durante un mes, con el objetivo de llevar alivio a los bolsillos de los argentinos y argentinas y brindar orden, previsibilidad y disponibilidad de abastecimiento del sector\u201d, inform\u00f3 la Secretar\u00eda en un comunicado.<\/p>\n<p>El precio por kilo de los art\u00edculos de la canasta de frutas y verduras ser\u00e1: papa negra $179, tomate redondo $459, zapallo anco $149, cebolla $170, manzana $399, pera $199, banana ecuatoriana $470 y banana subtropical $382.<\/p>\n<p>Estos productos y precios estar\u00e1n disponibles en las grandes cadenas de supermercados de \u00c1rea Metropolitana de Buenos Aires (Amba) desde el 5 al 30 de abril.<\/p>\n<p>Respecto de la canasta de marzo, se destaca que la papa y la cebolla bajaron su precio, as\u00ed como tambi\u00e9n el agregado de dos productos, pera y zapallo anco, en esta ampliaci\u00f3n.<\/p>\n<p>El programa Precios Justos busca combatir la inflaci\u00f3n, para lo cual establece una pauta de precios del 3,2% mensual promedio hasta el 30 de junio de 2023 y comprende 15 sectores de la econom\u00eda: Consumo Masivo, Indumentaria, Calzado, Hogar, Construcci\u00f3n, Celulares, Peque\u00f1os electrodom\u00e9sticos, Educaci\u00f3n, Canasta Escolar, Insumos industriales, Textiles, Motos, Bicicletas, Medicamentos y Venta por cat\u00e1logo.<\/p>\n<p><strong>Listado<\/strong><\/p>\n<p>&#8211;<strong>Papa negra $179.<\/strong><br \/>\n<strong>-Tomate redondo $459.<\/strong><br \/>\n<strong>-Zapallo anco $149.<\/strong><br \/>\n<strong>-Cebolla $170.<\/strong><br \/>\n<strong>-Manzana $399.<\/strong><br \/>\n<strong>-Pera $199.<\/strong><br \/>\n<strong>-Banana ecuatoriana $470.<\/strong><br \/>\n<strong>-Banana subtropical $382.(VW)<\/strong><\/p>\n<p>&nbsp;<\/p>\n","protected":false},"excerpt":{"rendered":"<p>La Secretar\u00eda de Comercio present\u00f3 los nuevos precios que estar\u00e1n disponibles en las grandes cadenas de supermercados de Amba.<\/p>\n","protected":false},"author":3,"featured_media":10199,"comment_status":"closed","ping_status":"closed","sticky":false,"template":"","format":"standard","meta":{"_monsterinsights_skip_tracking":false,"_monsterinsights_sitenote_active":false,"_monsterinsights_sitenote_note":"","_monsterinsights_sitenote_category":0,"footnotes":""},"categories":[1822],"tags":[30,47,4223],"class_list":["post-10198","post","type-post","status-publish","format-standard","has-post-thumbnail","hentry","category-internacionales","tag-canasta","tag-precios","tag-verduras"],"_links":{"self":[{"href":"https:\/\/www.visionweb.com.ar\/index.php?rest_route=\/wp\/v2\/posts\/10198","targetHints":{"allow":["GET"]}}],"collection":[{"href":"https:\/\/www.visionweb.com.ar\/index.php?rest_route=\/wp\/v2\/posts"}],"about":[{"href":"https:\/\/www.visionweb.com.ar\/index.php?rest_route=\/wp\/v2\/types\/post"}],"author":[{"embeddable":true,"href":"https:\/\/www.visionweb.com.ar\/index.php?rest_route=\/wp\/v2\/users\/3"}],"replies":[{"embeddable":true,"href":"https:\/\/www.visionweb.com.ar\/index.php?rest_route=%2Fwp%2Fv2%2Fcomments&post=10198"}],"version-history":[{"count":2,"href":"https:\/\/www.visionweb.com.ar\/index.php?rest_route=\/wp\/v2\/posts\/10198\/revisions"}],"predecessor-version":[{"id":10201,"href":"https:\/\/www.visionweb.com.ar\/index.php?rest_route=\/wp\/v2\/posts\/10198\/revisions\/10201"}],"wp:featuredmedia":[{"embeddable":true,"href":"https:\/\/www.visionweb.com.ar\/index.php?rest_route=\/wp\/v2\/media\/10199"}],"wp:attachment":[{"href":"https:\/\/www.visionweb.com.ar\/index.php?rest_route=%2Fwp%2Fv2%2Fmedia&parent=10198"}],"wp:term":[{"taxonomy":"category","embeddable":true,"href":"https:\/\/www.visionweb.com.ar\/index.php?rest_route=%2Fwp%2Fv2%2Fcategories&post=10198"},{"taxonomy":"post_tag","embeddable":true,"href":"https:\/\/www.visionweb.com.ar\/index.php?rest_route=%2Fwp%2Fv2%2Ftags&post=10198"}],"curies":[{"name":"wp","href":"https:\/\/api.w.org\/{rel}","templated":true}]}}