{"id":10194,"date":"2023-04-04T11:27:54","date_gmt":"2023-04-04T14:27:54","guid":{"rendered":"https:\/\/www.visionweb.com.ar\/?p=10194"},"modified":"2023-04-04T11:29:06","modified_gmt":"2023-04-04T14:29:06","slug":"la-provincia-apunta-a-lo-intendentes-por-no-reclutar-mas-cadetes","status":"publish","type":"post","link":"https:\/\/www.visionweb.com.ar\/?p=10194","title":{"rendered":"La Provincia apunta a lo intendentes por no reclutar m\u00e1s cadetes"},"content":{"rendered":"<p><strong><em>De los 16.501 cupos asignados, apenas se reclutaron 2.170 cadetes que se suman a los 316 convocados por el Ministerio de Seguridad de la Provincia. S\u00f3lo un 15% del total.<\/em><\/strong><!--more--><\/p>\n<div id=\"attachment_10195\" style=\"width: 310px\" class=\"wp-caption alignright\"><img loading=\"lazy\" decoding=\"async\" aria-describedby=\"caption-attachment-10195\" class=\"wp-image-10195 size-medium\" src=\"https:\/\/www.visionweb.com.ar\/wp-content\/uploads\/2023\/04\/CADETES-POLICIA-300x200.png\" alt=\"\" width=\"300\" height=\"200\" srcset=\"https:\/\/www.visionweb.com.ar\/wp-content\/uploads\/2023\/04\/CADETES-POLICIA-300x200.png 300w, https:\/\/www.visionweb.com.ar\/wp-content\/uploads\/2023\/04\/CADETES-POLICIA.png 640w\" sizes=\"auto, (max-width: 300px) 100vw, 300px\" \/><p id=\"caption-attachment-10195\" class=\"wp-caption-text\"><em><strong>Solo el 15% de los municipios incorpor\u00f3 cadetes para la polic\u00eda (Archivo)<\/strong><\/em><\/p><\/div>\n<p><strong>\u00a0 \u00a0 \u00a0 E<\/strong>l ministro de Seguridad bonaerense, Sergio Berni, acus\u00f3 a los intendentes porque no reclutaron a cadetes que la administraci\u00f3n de Axel Kicillof habilit\u00f3 para que cumplan funciones en comunas del Gran Buenos Aires, en medio de la pol\u00e9mica que se gener\u00f3 con su figura tras el asesinato de un chofer de colectivos en La Matanza.<\/p>\n<p>\u201cEs tanta la emergencia de recursos humanos que tenemos en la fuerza que el gobernador tom\u00f3 la decisi\u00f3n de incorporar 20 mil efectivos m\u00e1s. Para eso involucramos a los intendentes, a algunos de ellos les dijimos que les \u00edbamos a traspasar 1500 efectivos, solamente ten\u00edan que preocuparse de reclutarlos. Algunos no juntaron ni uno\u201d, lanz\u00f3 Berni.<\/p>\n<p>\u201cNo quiero generar un problema pol\u00edtico, pero insisto: hay intendentes que no pudieron reclutar un solo cadete a pesar los m\u00faltiples esfuerzos salariales y en educaci\u00f3n que hicimos\u201d, a\u00f1adi\u00f3 el funcionario luego de haber sido blanco de golpes, piedrazos, insultos y cuestionamientos.<\/p>\n<p>En concreto, el n\u00famero de efectivos que ser\u00e1n destinados a los 33 municipios del \u00c1rea Metropolitana de Buenos Aires son 16.501, aunque hay casi una decena de intendentes, muchos que ante los medios reclaman m\u00e1s polic\u00edas para sus distritos, pero no reclutaron ni a un solo cadete.<\/p>\n<p>De los 16.501 cupos asignados, apenas se reclutaron 2.170 cadetes que se suman a los 316 convocados por el Ministerio de Seguridad de la Provincia. S\u00f3lo un 15% del total.<\/p>\n<p>De acuerdo a datos que public\u00f3 el portal Infobae, en La Plata el Gobierno dispuso un cupo de 519 oficiales egresados, pero el municipio a cargo de Julio Garro (PRO) hasta el momento no reclut\u00f3 a ninguno.<\/p>\n<p>Esa situaci\u00f3n se replica entre otros distritos gobernados por Juntos por el cambio, pese a que reclaman mayores efectivos: Tres de Febrero, Vicente L\u00f3pez o, San Isidro.<\/p>\n<p>Sin embargo, la \u201cinacci\u00f3n\u201d que denuncia Berni no es exclusiva de la oposici\u00f3n. Tambi\u00e9n en comunas administradas por el Frente de Todos hay casos en los que los alcaldes no reclutaron ning\u00fan aspirante para las fuerzas de seguridad.<\/p>\n<p>Entre esos municipios parecen Berazategui, Esteban Echeverr\u00eda, Hurlingham y Tigre. Se suman adem\u00e1s La Matanza, donde en las \u00faltimas horas mataron al chofer de la l\u00ednea 620. All\u00ed, en el partido m\u00e1s populoso, la Provincia asign\u00f3 un cupo de 2.005 cadetes, pero el municipio a cargo de Fernando Espinoza no alist\u00f3 ni uno solo.<\/p>\n<p>De los 24 distritos restantes incluidos en el AMBA, en Lomas de Zamora se asignaron 1.232 cupos y se anotaron 248 cadetes; en Quilmes de 1.237 se sumaron 226; y en Avellaneda de 599 disponibles solo se llam\u00f3 a 78<strong>(VW)<\/strong><\/p>\n","protected":false},"excerpt":{"rendered":"<p>De los 16.501 cupos asignados, apenas se reclutaron 2.170 cadetes que se suman a los 316 convocados por el Ministerio de Seguridad de la Provincia. S\u00f3lo un 15% del total.<\/p>\n","protected":false},"author":3,"featured_media":10195,"comment_status":"closed","ping_status":"closed","sticky":false,"template":"","format":"standard","meta":{"_monsterinsights_skip_tracking":false,"_monsterinsights_sitenote_active":false,"_monsterinsights_sitenote_note":"","_monsterinsights_sitenote_category":0,"footnotes":""},"categories":[8],"tags":[3639,264,447,529],"class_list":["post-10194","post","type-post","status-publish","format-standard","has-post-thumbnail","hentry","category-interes-general","tag-cadetes","tag-intendentes","tag-ministerio","tag-seguridad"],"_links":{"self":[{"href":"https:\/\/www.visionweb.com.ar\/index.php?rest_route=\/wp\/v2\/posts\/10194","targetHints":{"allow":["GET"]}}],"collection":[{"href":"https:\/\/www.visionweb.com.ar\/index.php?rest_route=\/wp\/v2\/posts"}],"about":[{"href":"https:\/\/www.visionweb.com.ar\/index.php?rest_route=\/wp\/v2\/types\/post"}],"author":[{"embeddable":true,"href":"https:\/\/www.visionweb.com.ar\/index.php?rest_route=\/wp\/v2\/users\/3"}],"replies":[{"embeddable":true,"href":"https:\/\/www.visionweb.com.ar\/index.php?rest_route=%2Fwp%2Fv2%2Fcomments&post=10194"}],"version-history":[{"count":2,"href":"https:\/\/www.visionweb.com.ar\/index.php?rest_route=\/wp\/v2\/posts\/10194\/revisions"}],"predecessor-version":[{"id":10197,"href":"https:\/\/www.visionweb.com.ar\/index.php?rest_route=\/wp\/v2\/posts\/10194\/revisions\/10197"}],"wp:featuredmedia":[{"embeddable":true,"href":"https:\/\/www.visionweb.com.ar\/index.php?rest_route=\/wp\/v2\/media\/10195"}],"wp:attachment":[{"href":"https:\/\/www.visionweb.com.ar\/index.php?rest_route=%2Fwp%2Fv2%2Fmedia&parent=10194"}],"wp:term":[{"taxonomy":"category","embeddable":true,"href":"https:\/\/www.visionweb.com.ar\/index.php?rest_route=%2Fwp%2Fv2%2Fcategories&post=10194"},{"taxonomy":"post_tag","embeddable":true,"href":"https:\/\/www.visionweb.com.ar\/index.php?rest_route=%2Fwp%2Fv2%2Ftags&post=10194"}],"curies":[{"name":"wp","href":"https:\/\/api.w.org\/{rel}","templated":true}]}}