{"id":10188,"date":"2023-04-04T10:15:58","date_gmt":"2023-04-04T13:15:58","guid":{"rendered":"https:\/\/www.visionweb.com.ar\/?p=10188"},"modified":"2023-04-04T10:37:22","modified_gmt":"2023-04-04T13:37:22","slug":"emotivo-homenaje-de-almirante-brown-a-los-heroes-de-malvinas","status":"publish","type":"post","link":"https:\/\/www.visionweb.com.ar\/?p=10188","title":{"rendered":"Emotivo homenaje de Almirante Brown a los h\u00e9roes de Malvinas"},"content":{"rendered":"<p><strong><em>El acto fue presidido por el presidente de la Naci\u00f3n, Alberto Fern\u00e1ndez. Se entregaron vauchers a los veteranos que viajar\u00e1n a las Islas.<\/em><\/strong><!--more--><\/p>\n<p><strong>\u00a0 \u00a0 <img loading=\"lazy\" decoding=\"async\" class=\"size-medium wp-image-10189 alignright\" src=\"https:\/\/www.visionweb.com.ar\/wp-content\/uploads\/2023\/04\/HOMENAJE-300x137.png\" alt=\"\" width=\"300\" height=\"137\" srcset=\"https:\/\/www.visionweb.com.ar\/wp-content\/uploads\/2023\/04\/HOMENAJE-300x137.png 300w, https:\/\/www.visionweb.com.ar\/wp-content\/uploads\/2023\/04\/HOMENAJE.png 640w\" sizes=\"auto, (max-width: 300px) 100vw, 300px\" \/> C<\/strong>on un emotivo homenaje, realizado en la plaza Puerto Argentino, de la localidad de Malvinas, Argentinas\u00a0 se record\u00f3 el 2 de abril \u00faltimos a los ca\u00eddos y a los veteranos de guerra que participaron en la guerra del Atl\u00e1ntico sur en 1982 por la recuperaci\u00f3n de las Islas Malvinas.<\/p>\n<p>El acto fue presidido por el presidente Alberto Fern\u00e1ndez, el intendente interino de Almirante Brown, Juan Fabiani y el diputado bonaerense Mariano Cascallares.<\/p>\n<p>El homenaje se inici\u00f3 con la entonaci\u00f3n de las estrofas del Himno Nacional Argentino en el Monumento al Soldado y continu\u00f3 con la colocaci\u00f3n de ofrendas florales en los cenotafios de los h\u00e9roes brownianos ca\u00eddos Omar Chaile, Ignacio Mar\u00eda Indino, Aldo Moreno, Macedonio Rodr\u00edguez y Mario Rodr\u00edguez.<\/p>\n<p>Adem\u00e1s, con el Pabell\u00f3n Nacional a media asta, se realiz\u00f3 tambi\u00e9n un emotivo minuto de silencio y posteriormente se entregaron vouchers a los veteranos que viajar\u00e1n a las Islas en el marco del programa del Municipio \u201cBrown en Malvinas\u201d: Sergio P\u00e9rez, Roberto Yucheri, Julio Bogado y Roberto Gonz\u00e1lez.<\/p>\n<p>El presidente Alberto Fern\u00e1ndez indic\u00f3 que \u00aba partir de 2003 con N\u00e9stor Kirchner a la cabeza empezamos a poner al tema Malvinas como un tema central para la Argentina. Porque no era justo seguir invisibilizando a estos h\u00e9roes. A quienes estamos homenajeando, es a nuestros h\u00e9roes que en 1982 lucharon poniendo en peligro su vida por la patria\u00bb, se\u00f1al\u00f3.<\/p>\n<p>\u201cEn este \u00a0D\u00eda Nacional del Veterano y de los Ca\u00eddos en las Malvinas queremos \u00a0reafirmar el compromiso de seguir Malvinizando el distrito con el af\u00e1n de que nuestros h\u00e9roes, que dieron todo en defensa de la soberan\u00eda nacional, tengan todo el reconocimiento que se merecen\u201d, subray\u00f3 Mariano Cascallares durante la jornada.<\/p>\n<p>Fabiani, en tanto, destac\u00f3 la labor de los veteranos \u00a0para que la memoria \u201cest\u00e9 vida\u201d, al tiempo que enfatiz\u00f3 que \u201cnuestros h\u00e9roes estar\u00e1n siempre presentes en nosotros y en cada rinc\u00f3n de Almirante Brown\u201d.<\/p>\n<p>Posteriormente, Alberto Fern\u00e1ndez, Cascallares y Fabiani concretaron una entrega de viviendas a vecinos y vecinas de Almirante Brown, junto al ministro de Desarrollo Territorial y H\u00e1bitat de la Naci\u00f3n, Santiago Maggioti, en el marco del Plan Reconstruir.<\/p>\n<p>En el homenaje a los ex combatientes y los ca\u00eddos en Malvinas dijeron \u00abpresente\u00bb el canciller argentino Santiago Cafiero; la ministra de Desarrollo Social de la Naci\u00f3n, Victoria Tolosa Paz; y la ministra de Salud Carla Vizzoti.<\/p>\n<p>De la actividad participaron el diputado nacional Federico Fagioli; el presidente del Concejo Deliberante, Nicol\u00e1s Jawtuschenko; la secretaria\u00a0de Desarrollo, Seguridad Social y Derechos Humanos, B\u00e1rbara Mi\u00f1\u00e1n, y la delegada de Malvinas Argentinas,\u00a0\u00a0Antonella Napoli.<\/p>\n<p>Tambi\u00e9n dijeron presente el coordinador de Ex Combatientes, Jos\u00e9 Manuel Palacios, y el presidente del Centro de Veteranos Puerto Argentino, Guillermo Rezk, junto a familiares de veteranos de Guerra, entidades de bien p\u00fablico, establecimientos educativos y vecinos y vecinas de Almirante Brown<strong>(VW)<\/strong>.<\/p>\n<p>&nbsp;<\/p>\n","protected":false},"excerpt":{"rendered":"<p>El acto fue presidido por el presidente de la Naci\u00f3n, Alberto Fern\u00e1ndez. Se entregaron vauchers a los veteranos que viajar\u00e1n a las Islas.<\/p>\n","protected":false},"author":3,"featured_media":10189,"comment_status":"closed","ping_status":"closed","sticky":false,"template":"","format":"standard","meta":{"_monsterinsights_skip_tracking":false,"_monsterinsights_sitenote_active":false,"_monsterinsights_sitenote_note":"","_monsterinsights_sitenote_category":0,"footnotes":""},"categories":[5],"tags":[4220,2015,4221,1998],"class_list":["post-10188","post","type-post","status-publish","format-standard","has-post-thumbnail","hentry","category-sociedad","tag-heroes","tag-malvinas","tag-puerto-argentino","tag-veteranos"],"_links":{"self":[{"href":"https:\/\/www.visionweb.com.ar\/index.php?rest_route=\/wp\/v2\/posts\/10188","targetHints":{"allow":["GET"]}}],"collection":[{"href":"https:\/\/www.visionweb.com.ar\/index.php?rest_route=\/wp\/v2\/posts"}],"about":[{"href":"https:\/\/www.visionweb.com.ar\/index.php?rest_route=\/wp\/v2\/types\/post"}],"author":[{"embeddable":true,"href":"https:\/\/www.visionweb.com.ar\/index.php?rest_route=\/wp\/v2\/users\/3"}],"replies":[{"embeddable":true,"href":"https:\/\/www.visionweb.com.ar\/index.php?rest_route=%2Fwp%2Fv2%2Fcomments&post=10188"}],"version-history":[{"count":1,"href":"https:\/\/www.visionweb.com.ar\/index.php?rest_route=\/wp\/v2\/posts\/10188\/revisions"}],"predecessor-version":[{"id":10190,"href":"https:\/\/www.visionweb.com.ar\/index.php?rest_route=\/wp\/v2\/posts\/10188\/revisions\/10190"}],"wp:featuredmedia":[{"embeddable":true,"href":"https:\/\/www.visionweb.com.ar\/index.php?rest_route=\/wp\/v2\/media\/10189"}],"wp:attachment":[{"href":"https:\/\/www.visionweb.com.ar\/index.php?rest_route=%2Fwp%2Fv2%2Fmedia&parent=10188"}],"wp:term":[{"taxonomy":"category","embeddable":true,"href":"https:\/\/www.visionweb.com.ar\/index.php?rest_route=%2Fwp%2Fv2%2Fcategories&post=10188"},{"taxonomy":"post_tag","embeddable":true,"href":"https:\/\/www.visionweb.com.ar\/index.php?rest_route=%2Fwp%2Fv2%2Ftags&post=10188"}],"curies":[{"name":"wp","href":"https:\/\/api.w.org\/{rel}","templated":true}]}}