{"id":10185,"date":"2023-04-03T15:05:07","date_gmt":"2023-04-03T18:05:07","guid":{"rendered":"https:\/\/www.visionweb.com.ar\/?p=10185"},"modified":"2023-04-03T15:05:07","modified_gmt":"2023-04-03T18:05:07","slug":"se-inicia-la-tercera-etapa-de-vacunacion-antigripal-en-la-provincia","status":"publish","type":"post","link":"https:\/\/www.visionweb.com.ar\/?p=10185","title":{"rendered":"Se inicia la tercera etapa de vacunaci\u00f3n antigripal en la Provincia"},"content":{"rendered":"<p><strong><em>La Campa\u00f1a Antigripal arranca este lunes con la vacunaci\u00f3n para personas mayores de 65 a\u00f1os y personal estrat\u00e9gico. Las vacunas se aplican de forma gratuita en todos los vacunatorios bonaerenses<\/em><\/strong>.<!--more--><\/p>\n<p><strong>\u00a0 \u00a0 \u00a0 \u00a0 <img loading=\"lazy\" decoding=\"async\" class=\"size-medium wp-image-10186 alignright\" src=\"https:\/\/www.visionweb.com.ar\/wp-content\/uploads\/2023\/04\/ANTIGRIPAL-VACUNA-300x300.png\" alt=\"\" width=\"300\" height=\"300\" srcset=\"https:\/\/www.visionweb.com.ar\/wp-content\/uploads\/2023\/04\/ANTIGRIPAL-VACUNA-300x300.png 300w, https:\/\/www.visionweb.com.ar\/wp-content\/uploads\/2023\/04\/ANTIGRIPAL-VACUNA-150x150.png 150w, https:\/\/www.visionweb.com.ar\/wp-content\/uploads\/2023\/04\/ANTIGRIPAL-VACUNA-80x80.png 80w, https:\/\/www.visionweb.com.ar\/wp-content\/uploads\/2023\/04\/ANTIGRIPAL-VACUNA-320x320.png 320w, https:\/\/www.visionweb.com.ar\/wp-content\/uploads\/2023\/04\/ANTIGRIPAL-VACUNA-65x65.png 65w, https:\/\/www.visionweb.com.ar\/wp-content\/uploads\/2023\/04\/ANTIGRIPAL-VACUNA.png 480w\" sizes=\"auto, (max-width: 300px) 100vw, 300px\" \/>E<\/strong>l gobierno de la Provincia de Buenos Aires inici\u00f3 este lunes una nueva etapa de la Campa\u00f1a de Vacunaci\u00f3n Antigripal 2023 con la inoculaci\u00f3n que previene la influenza para personas mayores de 65 a\u00f1os y personal estrat\u00e9gico.<\/p>\n<p>La segunda etapa comenz\u00f3 el 27 de marzo para ni\u00f1os y ni\u00f1as de 6 meses a 2 a\u00f1os, embarazadas, pu\u00e9rperas, personas con factores de riesgo y con posible exposici\u00f3n a aves enfermas. En la primera se convoc\u00f3 al personal de salud.<\/p>\n<p>La vacuna antigripal est\u00e1 disponible para todos los grupos mencionados, es gratuita en todos los vacunatorios bonaerenses y no requiere orden m\u00e9dica.<\/p>\n<p>La aplicaci\u00f3n de esta vacuna tiene por objetivo reducir las complicaciones, hospitalizaciones, secuelas y muertes ocasionadas por la infecci\u00f3n con virus influenza entre la poblaci\u00f3n de riesgo.<\/p>\n<p>A su vez, desde la cartera sanitaria bonaerense recordaron que es importante que todas las personas, a partir de los 6 meses cuenten con su esquema primario de vacunaci\u00f3n para COVID-19 completo y con las dosis de refuerzo correspondientes. Aclararon a quienes les faltan dosis o refuerzos, que ambas vacunas pueden administrarse en forma simult\u00e1nea, incluso, junto con otras vacunas del Calendario Nacional y Obligatorio.<\/p>\n<p>Desde Salud dijeron que es recomendable que toda persona que concurra a un vacunatorio lleve su carnet y libreta de vacunaci\u00f3n junto con la de sus hijos e hijas para que el equipo de salud pueda chequear cu\u00e1les les hacen falta.<\/p>\n<p>La gripe o influenza es una enfermedad viral respiratoria muy transmisible, se contagia de una persona a otra por contacto con las gotitas que las personas infectadas expelen al toser, estornudar o hablar y, tambi\u00e9n, a trav\u00e9s de superficies u objetos contaminados con estas secreciones.<\/p>\n<p>Si bien la mayor\u00eda de los afectados se recupera en una o dos semanas, en los grupos poblacionales de riesgo puede ocasionar graves complicaciones<strong>(VW)<\/strong>.<\/p>\n","protected":false},"excerpt":{"rendered":"<p>La Campa\u00f1a Antigripal arranca este lunes con la vacunaci\u00f3n para personas mayores de 65 a\u00f1os y personal estrat\u00e9gico. Las vacunas se aplican de forma gratuita en todos los vacunatorios bonaerenses.<\/p>\n","protected":false},"author":3,"featured_media":10186,"comment_status":"closed","ping_status":"closed","sticky":false,"template":"","format":"standard","meta":{"_monsterinsights_skip_tracking":false,"_monsterinsights_sitenote_active":false,"_monsterinsights_sitenote_note":"","_monsterinsights_sitenote_category":0,"footnotes":""},"categories":[8],"tags":[799,2106,4219,178],"class_list":["post-10185","post","type-post","status-publish","format-standard","has-post-thumbnail","hentry","category-interes-general","tag-abril","tag-antigripal","tag-mayores-de-65-anos","tag-vacunas"],"_links":{"self":[{"href":"https:\/\/www.visionweb.com.ar\/index.php?rest_route=\/wp\/v2\/posts\/10185","targetHints":{"allow":["GET"]}}],"collection":[{"href":"https:\/\/www.visionweb.com.ar\/index.php?rest_route=\/wp\/v2\/posts"}],"about":[{"href":"https:\/\/www.visionweb.com.ar\/index.php?rest_route=\/wp\/v2\/types\/post"}],"author":[{"embeddable":true,"href":"https:\/\/www.visionweb.com.ar\/index.php?rest_route=\/wp\/v2\/users\/3"}],"replies":[{"embeddable":true,"href":"https:\/\/www.visionweb.com.ar\/index.php?rest_route=%2Fwp%2Fv2%2Fcomments&post=10185"}],"version-history":[{"count":1,"href":"https:\/\/www.visionweb.com.ar\/index.php?rest_route=\/wp\/v2\/posts\/10185\/revisions"}],"predecessor-version":[{"id":10187,"href":"https:\/\/www.visionweb.com.ar\/index.php?rest_route=\/wp\/v2\/posts\/10185\/revisions\/10187"}],"wp:featuredmedia":[{"embeddable":true,"href":"https:\/\/www.visionweb.com.ar\/index.php?rest_route=\/wp\/v2\/media\/10186"}],"wp:attachment":[{"href":"https:\/\/www.visionweb.com.ar\/index.php?rest_route=%2Fwp%2Fv2%2Fmedia&parent=10185"}],"wp:term":[{"taxonomy":"category","embeddable":true,"href":"https:\/\/www.visionweb.com.ar\/index.php?rest_route=%2Fwp%2Fv2%2Fcategories&post=10185"},{"taxonomy":"post_tag","embeddable":true,"href":"https:\/\/www.visionweb.com.ar\/index.php?rest_route=%2Fwp%2Fv2%2Ftags&post=10185"}],"curies":[{"name":"wp","href":"https:\/\/api.w.org\/{rel}","templated":true}]}}