{"id":10180,"date":"2023-04-03T14:48:59","date_gmt":"2023-04-03T17:48:59","guid":{"rendered":"https:\/\/www.visionweb.com.ar\/?p=10180"},"modified":"2023-04-03T14:53:04","modified_gmt":"2023-04-03T17:53:04","slug":"agreden-al-ministro-berni-en-una-protesta-de-colectiveros","status":"publish","type":"post","link":"https:\/\/www.visionweb.com.ar\/?p=10180","title":{"rendered":"Agreden al Ministro Berni en una protesta de colectiveros"},"content":{"rendered":"<p><strong><em>El reclamo es por el asesinato de un colectivero y la falta de seguridad. Fue cuando el Ministro intent\u00f3 dialogar con los conductores.\u00a0 pararon todas las l\u00edneas de transporte colectivo de la zona oeste<\/em><\/strong>.<!--more--><\/p>\n<div id=\"attachment_10182\" style=\"width: 310px\" class=\"wp-caption alignright\"><img loading=\"lazy\" decoding=\"async\" aria-describedby=\"caption-attachment-10182\" class=\"wp-image-10182 size-medium\" src=\"https:\/\/www.visionweb.com.ar\/wp-content\/uploads\/2023\/04\/ATAQUE-A-BERNI-300x163.png\" alt=\"\" width=\"300\" height=\"163\" srcset=\"https:\/\/www.visionweb.com.ar\/wp-content\/uploads\/2023\/04\/ATAQUE-A-BERNI-300x163.png 300w, https:\/\/www.visionweb.com.ar\/wp-content\/uploads\/2023\/04\/ATAQUE-A-BERNI.png 640w\" sizes=\"auto, (max-width: 300px) 100vw, 300px\" \/><p id=\"caption-attachment-10182\" class=\"wp-caption-text\"><em><strong>El Ministro Berni es abordado por los periodistas, poco antes de las agresiones f\u00edsicas (FoTo: Captura Patalla C5N) <\/strong><\/em><\/p><\/div>\n<p><strong>T<\/strong>ras el asesinato del colectivero de la l\u00ednea 620, Daniel Barrientos, al rededor de las 5 de la ma\u00f1ana de este lunes, en la zona de Vierrey del Pino, La Matanza, miles de ch\u00f3feres de\u00a0 las l\u00edneas que pertenece a la Empresa Almafuerte,\u00a0 \u00a0y a otras que cubren los recorridos en la zona oeste, iniciaron un paro con cortes, en General Paz y Ruta Tres por tiempo indeterminado.<\/p>\n<p>Frente a este escenario, el ministro de Seguridad bonaerense, se acerc\u00f3 al lugar, acompa\u00f1ado por el titular de la cartera de Transporte, tambi\u00e9n de la Provincia, Jorge D`Nofrio, para dialogar\u00a0 con los ch\u00f3feres, muy enojados por la falta de respuesta de la cartera de Seguridad.<\/p>\n<p>Mientras la tensi\u00f3n sub\u00eda, se escuchaba el c\u00e1ntico\u00a0<strong>\u201cque se vayan todos\u201d, <\/strong>junto al pedido\u00a0<strong>\u201cjusticia\u201d<\/strong> por <strong>Daniel Barrientos, <\/strong>quien con 65 a\u00f1os, era colectivero y estaba a un mes de jubilarse<strong>.<\/strong><\/p>\n<p>En ese \u00ednterin el Ministro de Seguridad de la provincia de Buenos Aires, fue agredido al acercarse a dialogar con los trabajadores<strong> que protestaban por el asesinato de Barrientos.\u00a0<\/strong><\/p>\n<p>\u00abMuchachos, estoy ac\u00e1, primero porque <strong>entiendo el problema que est\u00e1n pasando. Estuvimos trabajando para detener a los autores\u00a0<\/strong>[del crimen].<strong>\u00a0<\/strong>Yo me banco lo que sea, pero si no hablamos no vamos a poder resolver nada. Pongo la cara, no soy como el resto\u201d, expres\u00f3 el Ministro, en medio de gritos e insultos mientras era rodeado por una multitud contra uno de los paredones de la General Paz<strong>\u201d<\/strong>.<\/p>\n<p>Berni\u00a0<strong>trat\u00f3 de calmar a los colectiveros y les propuso organizarse para mantener un encuentro<\/strong> en otro contexto. No obstante, los intentos de agredir f\u00edsicamente al Ministro persist\u00edan pasado el mediod\u00eda, como as\u00ed tambi\u00e9n los insultos en su contra<\/p>\n<p>En cuesti\u00f3n de segundos<strong>, las agresiones verbales pasaron a ser f\u00edsicas.\u00a0<\/strong>Con golpes de pu\u00f1os y objetos contundentes, arremetieron contra Berni, quien termin\u00f3 con el rostro ensangrentado y visiblemente mareado.<\/p>\n<p>Ambos funcionarios terminaron acorralados y resguardados por efectivos de la Polic\u00eda de la Ciudad, mientras algunos ch\u00f3feres ped\u00edan \u201ccalma\u201d a sus pares. \u201cYo no me escondo\u201d, replic\u00f3 Berni ante los reclamos de los trabajadores.<\/p>\n<p>Los colectiveros decidieron reiterar sus protestas, seg\u00fan comentaban a diferentes medios period\u00edsticos, cansados de tantas promesas incumplidas, decidieron aumentar las protestas, frente a las faltas de respuestas, pese a las promesas hechas desde la Provincia para aumentar la seguridad.<\/p>\n<p>Tras conocerse la lamentable noticia, la UTA (Uni\u00f3n Traviario Automor), dispuso un paro por tiempo indeterminado, a partir de las\u00a0 7,30 de la ma\u00f1ana.<\/p>\n<p>La media de protesta afecta a m\u00e1s de 80 l\u00edneas de colectivos que cubren los recorridos en el \u00e1mbito de la zona oeste del gran Buenos Aires<strong>(VW)<\/strong>.<\/p>\n<p>&nbsp;<\/p>\n","protected":false},"excerpt":{"rendered":"<p>El reclamo es por el asesinato de un colectivero y la falta de seguridad. Fue cuando el Ministro intent\u00f3 dialogar con los conductores.\u00a0 pararon todas las l\u00edneas de transporte colectivo de la zona oeste.<\/p>\n","protected":false},"author":3,"featured_media":10182,"comment_status":"closed","ping_status":"closed","sticky":false,"template":"","format":"standard","meta":{"_monsterinsights_skip_tracking":false,"_monsterinsights_sitenote_active":false,"_monsterinsights_sitenote_note":"","_monsterinsights_sitenote_category":0,"footnotes":""},"categories":[8],"tags":[4218,1340,512,4217,252,2697],"class_list":["post-10180","post","type-post","status-publish","format-standard","has-post-thumbnail","hentry","category-interes-general","tag-agreesiones","tag-asesinato","tag-berni","tag-colectivero","tag-paro","tag-uta"],"_links":{"self":[{"href":"https:\/\/www.visionweb.com.ar\/index.php?rest_route=\/wp\/v2\/posts\/10180","targetHints":{"allow":["GET"]}}],"collection":[{"href":"https:\/\/www.visionweb.com.ar\/index.php?rest_route=\/wp\/v2\/posts"}],"about":[{"href":"https:\/\/www.visionweb.com.ar\/index.php?rest_route=\/wp\/v2\/types\/post"}],"author":[{"embeddable":true,"href":"https:\/\/www.visionweb.com.ar\/index.php?rest_route=\/wp\/v2\/users\/3"}],"replies":[{"embeddable":true,"href":"https:\/\/www.visionweb.com.ar\/index.php?rest_route=%2Fwp%2Fv2%2Fcomments&post=10180"}],"version-history":[{"count":3,"href":"https:\/\/www.visionweb.com.ar\/index.php?rest_route=\/wp\/v2\/posts\/10180\/revisions"}],"predecessor-version":[{"id":10184,"href":"https:\/\/www.visionweb.com.ar\/index.php?rest_route=\/wp\/v2\/posts\/10180\/revisions\/10184"}],"wp:featuredmedia":[{"embeddable":true,"href":"https:\/\/www.visionweb.com.ar\/index.php?rest_route=\/wp\/v2\/media\/10182"}],"wp:attachment":[{"href":"https:\/\/www.visionweb.com.ar\/index.php?rest_route=%2Fwp%2Fv2%2Fmedia&parent=10180"}],"wp:term":[{"taxonomy":"category","embeddable":true,"href":"https:\/\/www.visionweb.com.ar\/index.php?rest_route=%2Fwp%2Fv2%2Fcategories&post=10180"},{"taxonomy":"post_tag","embeddable":true,"href":"https:\/\/www.visionweb.com.ar\/index.php?rest_route=%2Fwp%2Fv2%2Ftags&post=10180"}],"curies":[{"name":"wp","href":"https:\/\/api.w.org\/{rel}","templated":true}]}}