{"id":10173,"date":"2023-03-31T13:21:02","date_gmt":"2023-03-31T16:21:02","guid":{"rendered":"https:\/\/www.visionweb.com.ar\/?p=10173"},"modified":"2023-03-31T13:21:02","modified_gmt":"2023-03-31T16:21:02","slug":"mar-del-plata-los-comercios-tendrian-una-hora-silenciosa-para-atender-a-personas-con-tea","status":"publish","type":"post","link":"https:\/\/www.visionweb.com.ar\/?p=10173","title":{"rendered":"Mar del Plata: Los comercios tendr\u00edan una \u00abhora silenciosa\u00bb para atender a personas con TEA"},"content":{"rendered":"<p><em><strong>La iniciativa ya se aplica en otros lugares del pa\u00eds y el mundo, y busca generar ambientes m\u00e1s amigables para personas con\u00a0Trastornos del Espectro Autista (TEA)\u00a0y otras afecciones. En Mar del Plata el proyecto se trat\u00f3 ayer y ser\u00eda de adhesi\u00f3n voluntaria de los comercios.<\/strong><\/em><!--more--><\/p>\n<div id=\"attachment_10175\" style=\"width: 310px\" class=\"wp-caption alignright\"><img loading=\"lazy\" decoding=\"async\" aria-describedby=\"caption-attachment-10175\" class=\"wp-image-10175 size-medium\" src=\"https:\/\/www.visionweb.com.ar\/wp-content\/uploads\/2023\/03\/mdq-calle-guemes-300x227.png\" alt=\"\" width=\"300\" height=\"227\" srcset=\"https:\/\/www.visionweb.com.ar\/wp-content\/uploads\/2023\/03\/mdq-calle-guemes-300x227.png 300w, https:\/\/www.visionweb.com.ar\/wp-content\/uploads\/2023\/03\/mdq-calle-guemes.png 336w\" sizes=\"auto, (max-width: 300px) 100vw, 300px\" \/><p id=\"caption-attachment-10175\" class=\"wp-caption-text\">Centro comercial calle G\u00fcemes, Mar del Plata. Foto: internet<\/p><\/div>\n<p><strong>\u00a0 E<\/strong>n\u00a0<strong>Mar del Plata<\/strong>\u00a0los comercios estar\u00edan prontos a implementar la\u00a0<strong>\u201chora silenciosa\u201d<\/strong>, una iniciativa que est\u00e1 en proceso de votaci\u00f3n en el Concejo Deliberante de la localidad bonaerense, cuyo objetivo es que<strong>\u00a0dispongan de una hora diaria dos veces por semana para que las personas con TEA y otros Trastornos Generalizados del Desarrollo (TGD) puedan realizar sus compras con tranquilidad, en espacios que tengan luces m\u00e1s bajas y sin ruidos<\/strong>.<\/p>\n<p>De esta manera, el\u00a0<a href=\"https:\/\/www.concejomdp.gov.ar\/sgl\/expedientes\/proyectos\/2022\/22E02049\/electronico\/22E02049_20230125135746.pdf?v=20230329_144456\">proyecto de ordenanza<\/a>\u00a0impulsado por el\u00a0<strong>Sindicato de Empleados de Comercio\u00a0<\/strong>y la\u00a0<strong>Uni\u00f3n del Comercio, la Industria y la Producci\u00f3n (UCIP)<\/strong>, se trat\u00f3 en lo que fue la primera sesi\u00f3n ordinaria del a\u00f1o, realizada ayer jueves 30 de marzo.<\/p>\n<p>La idea es articular comercios, espacios y emprendimientos deportivos, culturales, art\u00edsticos y recreativos de la localidad balnearia ubicada en la provincia de Buenos Aires, con el fin de \u201c<strong>disminuir<\/strong> la <strong>intensidad<\/strong> <strong>lum\u00ednica<\/strong> y <strong>sonora<\/strong> una hora diaria dos veces por semana\u201d, logrando un <strong>entorno<\/strong> <strong>amigable<\/strong> con las personas que con TGD.<\/p>\n<p><strong>Es importante aclarar que la aplicaci\u00f3n de este programa no es obligatoria, sino voluntaria.<\/strong>\u00a0De esta manera, se invita a los comerciantes a sumarse al registro que desarrollar\u00e1 la Secretar\u00eda de Desarrollo Productivo e Innovaci\u00f3n como autoridad de aplicaci\u00f3n, emitiendo un certificado a los mismos y difundiendo dicho programa.<\/p>\n<p>En Argentina se encuentran vigentes diversas ordenanzas municipales sobre esta iniciativa en las localidades de Rawson y Esquel, en Chubut; Villa Carlos Paz, en C\u00f3rdoba; Caleta Oliva, en Santa Cruz; Santa Rosa, en La Pampa; Paran\u00e1, en Entre R\u00edos, entre otras.<\/p>\n<p>Acerca del TEA: Seg\u00fan<a href=\"https:\/\/www.mayoclinic.org\/es-es\/diseases-conditions\/autism-spectrum-disorder\/symptoms-causes\/syc-20352928\">\u00a0Mayo Clinic<\/a>, el trastorno del espectro autista es una afecci\u00f3n relacionada con el desarrollo del cerebro que afecta la manera en la que una persona percibe y socializa con otras personas, lo que causa problemas en la interacci\u00f3n social y la comunicaci\u00f3n. \u00abEl trastorno tambi\u00e9n comprende patrones de conducta restringidos y repetitivos\u00bb, explicaron. <strong>(VW)<\/strong><\/p>\n<p>&nbsp;<\/p>\n","protected":false},"excerpt":{"rendered":"<p>La iniciativa ya se aplica en otros lugares del pa\u00eds y el mundo, y busca generar ambientes m\u00e1s amigables para personas con\u00a0Trastornos del Espectro Autista (TEA)\u00a0y otras afecciones. En Mar del Plata el proyecto&#46;&#46;&#46;<\/p>\n","protected":false},"author":4,"featured_media":10175,"comment_status":"closed","ping_status":"closed","sticky":false,"template":"","format":"standard","meta":{"_monsterinsights_skip_tracking":false,"_monsterinsights_sitenote_active":false,"_monsterinsights_sitenote_note":"","_monsterinsights_sitenote_category":0,"footnotes":""},"categories":[8],"tags":[4214,4213,247,3104],"class_list":["post-10173","post","type-post","status-publish","format-standard","has-post-thumbnail","hentry","category-interes-general","tag-ambiente-amigable","tag-hora-silenciosa","tag-mar-del-plata","tag-tea"],"_links":{"self":[{"href":"https:\/\/www.visionweb.com.ar\/index.php?rest_route=\/wp\/v2\/posts\/10173","targetHints":{"allow":["GET"]}}],"collection":[{"href":"https:\/\/www.visionweb.com.ar\/index.php?rest_route=\/wp\/v2\/posts"}],"about":[{"href":"https:\/\/www.visionweb.com.ar\/index.php?rest_route=\/wp\/v2\/types\/post"}],"author":[{"embeddable":true,"href":"https:\/\/www.visionweb.com.ar\/index.php?rest_route=\/wp\/v2\/users\/4"}],"replies":[{"embeddable":true,"href":"https:\/\/www.visionweb.com.ar\/index.php?rest_route=%2Fwp%2Fv2%2Fcomments&post=10173"}],"version-history":[{"count":1,"href":"https:\/\/www.visionweb.com.ar\/index.php?rest_route=\/wp\/v2\/posts\/10173\/revisions"}],"predecessor-version":[{"id":10176,"href":"https:\/\/www.visionweb.com.ar\/index.php?rest_route=\/wp\/v2\/posts\/10173\/revisions\/10176"}],"wp:featuredmedia":[{"embeddable":true,"href":"https:\/\/www.visionweb.com.ar\/index.php?rest_route=\/wp\/v2\/media\/10175"}],"wp:attachment":[{"href":"https:\/\/www.visionweb.com.ar\/index.php?rest_route=%2Fwp%2Fv2%2Fmedia&parent=10173"}],"wp:term":[{"taxonomy":"category","embeddable":true,"href":"https:\/\/www.visionweb.com.ar\/index.php?rest_route=%2Fwp%2Fv2%2Fcategories&post=10173"},{"taxonomy":"post_tag","embeddable":true,"href":"https:\/\/www.visionweb.com.ar\/index.php?rest_route=%2Fwp%2Fv2%2Ftags&post=10173"}],"curies":[{"name":"wp","href":"https:\/\/api.w.org\/{rel}","templated":true}]}}