{"id":10170,"date":"2023-03-31T11:25:42","date_gmt":"2023-03-31T14:25:42","guid":{"rendered":"https:\/\/www.visionweb.com.ar\/?p=10170"},"modified":"2023-03-31T11:25:42","modified_gmt":"2023-03-31T14:25:42","slug":"indec-mas-de-la-mitad-de-los-ninos-son-pobres-en-la-argentina","status":"publish","type":"post","link":"https:\/\/www.visionweb.com.ar\/?p=10170","title":{"rendered":"INDEC:\u00a0M\u00e1s de la mitad de los ni\u00f1os son pobres en la Argentina"},"content":{"rendered":"<p><em><strong>El informe revel\u00f3 que la pobreza lleg\u00f3 a 39,2% del total de la poblaci\u00f3n, y para menores de 14 \u00a0a\u00f1os el dato lleg\u00f3 al 54,2%.<\/strong><\/em><!--more--><\/p>\n<p><strong> <img loading=\"lazy\" decoding=\"async\" class=\"size-medium wp-image-10171 alignright\" src=\"https:\/\/www.visionweb.com.ar\/wp-content\/uploads\/2023\/03\/pobreza2-300x223.jpg\" alt=\"\" width=\"300\" height=\"223\" srcset=\"https:\/\/www.visionweb.com.ar\/wp-content\/uploads\/2023\/03\/pobreza2-300x223.jpg 300w, https:\/\/www.visionweb.com.ar\/wp-content\/uploads\/2023\/03\/pobreza2.jpg 361w\" sizes=\"auto, (max-width: 300px) 100vw, 300px\" \/>\u00a0 E<\/strong>l Instituto Nacional de Estad\u00edsticas y Censos (INDEC) inform\u00f3 ayer que para el cierre del a\u00f1o pasado, el \u00edndice de pobreza alcanz\u00f3 el 39,2%, \u00a0es decir que hay m\u00e1s de 18 millones de personas que alcanzan esa condici\u00f3n, y para el caso de ni\u00f1os de hasta 14 a\u00f1os, la pobreza lleg\u00f3 al 54,2%.<\/p>\n<p>Ese 54,2% de la pobreza infantil es equivalente a\u00a0<strong>m\u00e1s de 5,5 millones de ni\u00f1os que no alcanzan el umbral de los ingresos necesarios para satisfacer la canasta b\u00e1sica\u00a0<\/strong>de alimentos, bienes y servicios esenciales para sobrevivir, como el acceso a vestimenta, transporte, educaci\u00f3n y la salud.<\/p>\n<p><strong>Los datos se conocen en medio de un escenario marcado por\u00a0la sequ\u00eda, los salarios en baja y una inflaci\u00f3n que no da tregua, por la que se presume que la tendencia seguir\u00e1 en sentido ascendente.<\/strong><\/p>\n<p>El INDEC distingue cuatro grupos etarios cuando releva los \u00edndices: las personas de 0 a 14 a\u00f1os, los de 15 a 29, los de 30 a 64 y los mayores de 65 a\u00f1os. Y dentro de esos grupos,\u00a0<strong>los m\u00e1s peque\u00f1os fueron los m\u00e1s perjudicados de los \u00faltimos a\u00f1os.<\/strong><\/p>\n<p>Los ni\u00f1os de 0 a 14 a\u00f1os en situaci\u00f3n de pobreza\u00a0<strong>pasaron del 41,4% al 54,2% en los \u00faltimos cinco a\u00f1os,\u00a0<\/strong>un crecimiento de 12,8 puntos porcentuales en el \u00faltimo lustro sobre ese sector y el peor \u00edndice se registr\u00f3 en el segundo semestre de 2020, signado por la pandemia, cuando la pobreza infantil lleg\u00f3 al 57,7%.<\/p>\n<p>Aunque en los m\u00e1s chicos se suelen registrar los \u00edndices m\u00e1s altos de pobreza, eso no quiere decir que no afecte a otros grupos etarios.\u00a0<strong>En el caso de los que van desde los 15 a los 29 a\u00f1os, en los \u00faltimos cinco a\u00f1os la pobreza pas\u00f3 del 32,9 al 45%, por lo que mostr\u00f3 una suba de 12,1 puntos\u00a0<\/strong>porcentuales, mientras que las personas de 30 a 64 pasaron del 23,2% de pobreza al 35% desde el 2018 al 2022.<\/p>\n<p>Por \u00faltimo, la situaci\u00f3n de\u00a0<strong>las personas mayores de 65 a\u00f1os tambi\u00e9n mostr\u00f3 una suba importante en los \u00faltimos cinco a\u00f1os, ya que a principios de 2018 la pobreza en ese grupo era de 6,9% y a fines del a\u00f1o pasado lleg\u00f3 al 14,5%.\u00a0<\/strong>Es decir, que hubo un crecimiento general de los \u00edndices de pobreza.<\/p>\n<p>En un contexto de aceleraci\u00f3n inflacionaria, la movilidad previsional perdi\u00f3 y pierde versus el aumento del costo de la canasta b\u00e1sica total, y muchos<strong> jubilados que estaban cerca de esa l\u00ednea en sus ingresos\u00a0<\/strong>pasaron a ser pobres.<\/p>\n<p><strong>El<\/strong> <strong>pron\u00f3stico<\/strong>: Los especialistas advierten que con la aceleraci\u00f3n de la inflaci\u00f3n inevitablemente\u00a0<strong>habr\u00e1 un impacto en los n\u00fameros del primer semestre del a\u00f1o en curso.<\/strong><\/p>\n<p>Si se revisa la evoluci\u00f3n de las canastas que publica en el INDEC y que dan muestra de las l\u00edneas que marcan pobreza e indigencia, se puede observar que\u00a0<strong>desde finales del a\u00f1o pasado, esos umbrales se ubican por encima de la inflaci\u00f3n.<\/strong><\/p>\n<p>El n\u00famero m\u00e1s duro\u00a0<strong>se ver\u00e1 a fines de septiembre, antes de las pr\u00f3ximas elecciones presidenciales, que mostrar\u00e1n un nuevo \u00edndice que dar\u00e1 cuenta del impacto que deja la actual aceleraci\u00f3n\u00a0<\/strong>de precios sobre los sectores m\u00e1s vulnerables.<\/p>\n<p><strong>Justificar<\/strong> <strong>lo<\/strong> <strong>injustificable<\/strong>: Mientras tanto, la ministra de Desarrollo Social de la Naci\u00f3n, Victoria Tolosa Paz, se lament\u00f3 ayer jueves luego de conocer el\u00a0<strong>\u00edndice de pobreza<\/strong> que inform\u00f3 el <a href=\"https:\/\/www.indec.gob.ar\/\"><strong>Indec<\/strong><\/a>. La funcionaria del Gobierno de\u00a0<strong>Alberto Fern\u00e1ndez\u00a0<\/strong>intent\u00f3, adem\u00e1s, justificar el n\u00famero mediante una frase que public\u00f3 en un hilo de Twitter, como si estuviera ajena al oficialismo.<\/p>\n<p>En el inicio de su publicaci\u00f3n en Twitter,\u00a0<strong>Tolosa Paz<\/strong>\u00a0poste\u00f3: \u00abEl \u00edndice de pobreza que dio a conocer el @INDECArgentina nos duele y nos ocupa. La inflaci\u00f3n se est\u00e1 llevando el crecimiento del pa\u00eds hacia unos pocos bolsillos, dejando a gran parte de la poblaci\u00f3n sumida en la incertidumbre y la angustia de poder llevar el pan a casa\u00bb.<\/p>\n<p>Y continu\u00f3: \u00abAcompa\u00f1amos la vocaci\u00f3n de nuestro presidente @alferdez\u00a0 de trabajar para seguir resolviendo los problemas del Pueblo argentino. Es a trav\u00e9s de la inversi\u00f3n del Estado que logramos m\u00e1s igualdad, generamos trabajo y mejoramos la calidad de vida de todas y todos\u00bb.<\/p>\n<p>\u00abSeguiremos redoblando el esfuerzo para tener una Patria m\u00e1s justa, libre y soberana\u00bb, finaliz\u00f3 la ministra de Desarrollo Social. <strong>(VW)<\/strong><\/p>\n<p>&nbsp;<\/p>\n<p>&nbsp;<\/p>\n","protected":false},"excerpt":{"rendered":"<p>El informe revel\u00f3 que la pobreza lleg\u00f3 a 39,2% del total de la poblaci\u00f3n, y para menores de 14 \u00a0a\u00f1os el dato lleg\u00f3 al 54,2%.<\/p>\n","protected":false},"author":4,"featured_media":10171,"comment_status":"closed","ping_status":"closed","sticky":false,"template":"","format":"standard","meta":{"_monsterinsights_skip_tracking":false,"_monsterinsights_sitenote_active":false,"_monsterinsights_sitenote_note":"","_monsterinsights_sitenote_category":0,"footnotes":""},"categories":[6,4,5],"tags":[75,627,4212,2502],"class_list":["post-10170","post","type-post","status-publish","format-standard","has-post-thumbnail","hentry","category-economia","category-politica","category-sociedad","tag-indec","tag-indice-de-pobreza","tag-mas-de-la-mitad-de-menores-son-pobres","tag-tolosa-paz"],"_links":{"self":[{"href":"https:\/\/www.visionweb.com.ar\/index.php?rest_route=\/wp\/v2\/posts\/10170","targetHints":{"allow":["GET"]}}],"collection":[{"href":"https:\/\/www.visionweb.com.ar\/index.php?rest_route=\/wp\/v2\/posts"}],"about":[{"href":"https:\/\/www.visionweb.com.ar\/index.php?rest_route=\/wp\/v2\/types\/post"}],"author":[{"embeddable":true,"href":"https:\/\/www.visionweb.com.ar\/index.php?rest_route=\/wp\/v2\/users\/4"}],"replies":[{"embeddable":true,"href":"https:\/\/www.visionweb.com.ar\/index.php?rest_route=%2Fwp%2Fv2%2Fcomments&post=10170"}],"version-history":[{"count":1,"href":"https:\/\/www.visionweb.com.ar\/index.php?rest_route=\/wp\/v2\/posts\/10170\/revisions"}],"predecessor-version":[{"id":10172,"href":"https:\/\/www.visionweb.com.ar\/index.php?rest_route=\/wp\/v2\/posts\/10170\/revisions\/10172"}],"wp:featuredmedia":[{"embeddable":true,"href":"https:\/\/www.visionweb.com.ar\/index.php?rest_route=\/wp\/v2\/media\/10171"}],"wp:attachment":[{"href":"https:\/\/www.visionweb.com.ar\/index.php?rest_route=%2Fwp%2Fv2%2Fmedia&parent=10170"}],"wp:term":[{"taxonomy":"category","embeddable":true,"href":"https:\/\/www.visionweb.com.ar\/index.php?rest_route=%2Fwp%2Fv2%2Fcategories&post=10170"},{"taxonomy":"post_tag","embeddable":true,"href":"https:\/\/www.visionweb.com.ar\/index.php?rest_route=%2Fwp%2Fv2%2Ftags&post=10170"}],"curies":[{"name":"wp","href":"https:\/\/api.w.org\/{rel}","templated":true}]}}