{"id":10168,"date":"2023-03-31T08:11:28","date_gmt":"2023-03-31T11:11:28","guid":{"rendered":"https:\/\/www.visionweb.com.ar\/?p=10168"},"modified":"2023-03-31T08:11:28","modified_gmt":"2023-03-31T11:11:28","slug":"las-electricas-deberan-invertir-el-34-de-lo-recaudado-para-mejorar-el-servicio","status":"publish","type":"post","link":"https:\/\/www.visionweb.com.ar\/?p=10168","title":{"rendered":"Las el\u00e9ctricas deber\u00e1n invertir el 34% de lo recaudado para mejorar el servicio"},"content":{"rendered":"<p><em><strong>As\u00ed lo dispuso la intervenci\u00f3n del Ente Nacional de Regulaci\u00f3n de la Electricidad. La media alcanzan a Edesur y Edenor.<\/strong><\/em><!--more--><\/p>\n<div id=\"attachment_9974\" style=\"width: 310px\" class=\"wp-caption alignright\"><img loading=\"lazy\" decoding=\"async\" aria-describedby=\"caption-attachment-9974\" class=\"wp-image-9974 size-medium\" src=\"https:\/\/www.visionweb.com.ar\/wp-content\/uploads\/2023\/03\/cortes-de-luz-5-300x158.jpg\" alt=\"\" width=\"300\" height=\"158\" srcset=\"https:\/\/www.visionweb.com.ar\/wp-content\/uploads\/2023\/03\/cortes-de-luz-5-300x158.jpg 300w, https:\/\/www.visionweb.com.ar\/wp-content\/uploads\/2023\/03\/cortes-de-luz-5.bmp 410w\" sizes=\"auto, (max-width: 300px) 100vw, 300px\" \/><p id=\"caption-attachment-9974\" class=\"wp-caption-text\"><em><strong>Las el\u00e9ctricas deber\u00e1n invertir el 34% de lo recaudado para mejorar el servicio.<\/strong><\/em><\/p><\/div>\n<p><strong>\u00a0 \u00a0 \u00a0 \u00a0 \u00a0E<\/strong>l interventor del Ente Nacional Regulador de la Electricidad (ENRE), Walter Martello, asegur\u00f3 que Edesur y Edenor deber\u00e1n invertir \u201cestrictamente\u201d el 34% de su recaudaci\u00f3n por tarifas para mejorar el sistema de cara al invierno.<\/p>\n<p>\u201cV\u00eda ENRE le hemos enviado una nota para que afecten estrictamente a inversiones el 34 % de lo que tiene que ver con la recaudaci\u00f3n por tarifas y que nos env\u00eden en un plazo de 72 horas, bajo el apercibimiento de las sanciones que nos impone el contrato de concesi\u00f3n y los desv\u00edos del mismo por parte de las empresas Edesur y Edenor\u201d, expres\u00f3 el funcionario.<\/p>\n<p>Asimismo, destac\u00f3 que la intervenci\u00f3n en Edesur a cargo Jorge Ferraresi \u201cha dado lugar a los primeros ex\u00e1menes de control y fiscalizaci\u00f3n tendientes al plan de inversiones\u201d.<\/p>\n<p>Seg\u00fan explic\u00f3 en di\u00e1logo con T\u00e9lam Radio, Ferraresi realiza peri\u00f3dicamente una recorrida junto a los gerentes zonales de Edesur para \u201cmonitorear en territorio\u201d algunas de las obras \u201cque ellos se comprometieron oportunamente a realizar\u201d.<\/p>\n<p>Adem\u00e1s, Martello indic\u00f3 que otro objetivo de las recorridas es \u201cobtener informaci\u00f3n por parte del avance f\u00edsico de los intendentes\u201d respecto al cumplimiento de dichas inversiones, \u201cm\u00e1s all\u00e1 de los controles que realiza el ENRE en materia t\u00e9cnica\u201d.<\/p>\n<p>Por otro lado, el titular del ENRE record\u00f3 que \u201cdesde septiembre a la fecha, en muchos casos ante esos incumplimientos, fueron sancionados: en el caso de Edesur por casi 4.000 millones de pesos y en el caso de Edenor por casi 800 millones de pesos\u201d. Y a\u00f1adi\u00f3: \u201cEsperemos avanzar con esa situaci\u00f3n para llegar a un invierno que tenga que ver con un cumplimiento estricto de lo que se plantea\u201d<strong>(VW)<\/strong><\/p>\n","protected":false},"excerpt":{"rendered":"<p>As\u00ed lo dispuso la intervenci\u00f3n del Ente Nacional de Regulaci\u00f3n de la Electricidad. La media alcanzan a Edesur y Edenor.<\/p>\n","protected":false},"author":3,"featured_media":9974,"comment_status":"closed","ping_status":"closed","sticky":false,"template":"","format":"standard","meta":{"_monsterinsights_skip_tracking":false,"_monsterinsights_sitenote_active":false,"_monsterinsights_sitenote_note":"","_monsterinsights_sitenote_category":0,"footnotes":""},"categories":[8],"tags":[1297,276,4210,4211],"class_list":["post-10168","post","type-post","status-publish","format-standard","has-post-thumbnail","hentry","category-interes-general","tag-edenor","tag-edesur","tag-intervencion","tag-inversion-recaudacion"],"_links":{"self":[{"href":"https:\/\/www.visionweb.com.ar\/index.php?rest_route=\/wp\/v2\/posts\/10168","targetHints":{"allow":["GET"]}}],"collection":[{"href":"https:\/\/www.visionweb.com.ar\/index.php?rest_route=\/wp\/v2\/posts"}],"about":[{"href":"https:\/\/www.visionweb.com.ar\/index.php?rest_route=\/wp\/v2\/types\/post"}],"author":[{"embeddable":true,"href":"https:\/\/www.visionweb.com.ar\/index.php?rest_route=\/wp\/v2\/users\/3"}],"replies":[{"embeddable":true,"href":"https:\/\/www.visionweb.com.ar\/index.php?rest_route=%2Fwp%2Fv2%2Fcomments&post=10168"}],"version-history":[{"count":1,"href":"https:\/\/www.visionweb.com.ar\/index.php?rest_route=\/wp\/v2\/posts\/10168\/revisions"}],"predecessor-version":[{"id":10169,"href":"https:\/\/www.visionweb.com.ar\/index.php?rest_route=\/wp\/v2\/posts\/10168\/revisions\/10169"}],"wp:featuredmedia":[{"embeddable":true,"href":"https:\/\/www.visionweb.com.ar\/index.php?rest_route=\/wp\/v2\/media\/9974"}],"wp:attachment":[{"href":"https:\/\/www.visionweb.com.ar\/index.php?rest_route=%2Fwp%2Fv2%2Fmedia&parent=10168"}],"wp:term":[{"taxonomy":"category","embeddable":true,"href":"https:\/\/www.visionweb.com.ar\/index.php?rest_route=%2Fwp%2Fv2%2Fcategories&post=10168"},{"taxonomy":"post_tag","embeddable":true,"href":"https:\/\/www.visionweb.com.ar\/index.php?rest_route=%2Fwp%2Fv2%2Ftags&post=10168"}],"curies":[{"name":"wp","href":"https:\/\/api.w.org\/{rel}","templated":true}]}}