{"id":10158,"date":"2023-03-31T08:29:07","date_gmt":"2023-03-31T11:29:07","guid":{"rendered":"https:\/\/www.visionweb.com.ar\/?p=10158"},"modified":"2023-03-30T19:42:06","modified_gmt":"2023-03-30T22:42:06","slug":"came-reeligen-a-alfredo-gonzalez","status":"publish","type":"post","link":"https:\/\/www.visionweb.com.ar\/?p=10158","title":{"rendered":"CAME: Reeligen a Alfredo Gonz\u00e1lez"},"content":{"rendered":"<p><em><strong>Gonz\u00e1lez:\u00a0 \u00abLas pymes estamos acostumbradas a vivir con lo nuestro, pero no existen perspectivas de crecimiento econ\u00f3mico para ninguna empresa si no tiene acceso a cr\u00e9dito bancario\u201d.<\/strong><\/em><!--more--><\/p>\n<p><span lang=\"ES\"><strong>\u00a0 \u00a0 \u00a0 \u00a0 <img loading=\"lazy\" decoding=\"async\" class=\"size-medium wp-image-10159 alignright\" src=\"https:\/\/www.visionweb.com.ar\/wp-content\/uploads\/2023\/03\/CAME-GONZALEZ-300x203.png\" alt=\"\" width=\"300\" height=\"203\" srcset=\"https:\/\/www.visionweb.com.ar\/wp-content\/uploads\/2023\/03\/CAME-GONZALEZ-300x203.png 300w, https:\/\/www.visionweb.com.ar\/wp-content\/uploads\/2023\/03\/CAME-GONZALEZ.png 640w\" sizes=\"auto, (max-width: 300px) 100vw, 300px\" \/>L<\/strong>a Confederaci\u00f3n Argentina de la Mediana Empresa (CAME) realiz\u00f3 hoy su Asamblea General Ordinaria, de la que participaron 158 entidades asociadas. El empresario chaque\u00f1o, Alfredo Gonz\u00e1lez, fue reelegido por unanimidad a cargo de la presidencia, puesto que ocupa desde agosto de 2021.<\/span><\/p>\n<p><span lang=\"ES\">\u201cVamos a profundizar nuestro trabajo en pos de la econom\u00eda real de cada una de las m\u00e1s de 600 mil pymes que componen nuestra entidad\u201d, dijo Gonz\u00e1lez y adelant\u00f3 que su gesti\u00f3n se enfocar\u00e1 en lograr para las peque\u00f1as y medianas empresas mayor acceso al cr\u00e9dito bancario, y en abogar por una modernizaci\u00f3n de las relaciones laborales que no implique la p\u00e9rdida de derechos adquiridos para los trabajadores y por el ordenamiento tributario.<\/span><\/p>\n<p><span lang=\"ES\">En relaci\u00f3n a esto \u00faltimo se\u00f1al\u00f3: \u201cHay que generar el real debate en el Congreso de la Naci\u00f3n para un ordenamiento tributario argentino. El anarquismo tributario hace inviable el crecimiento por la gran presi\u00f3n fiscal. Es imposible ser competitivos, es imposible seguir generando empresas. Casi 46 mil pymes se perdieron desde 2011 hasta la fecha. Esto se ve reflejado en la gran informalidad que existe y en la desocupaci\u00f3n\u201d.<\/span><\/p>\n<p><span lang=\"ES\"><img loading=\"lazy\" decoding=\"async\" class=\"size-medium wp-image-10160 alignleft\" src=\"https:\/\/www.visionweb.com.ar\/wp-content\/uploads\/2023\/03\/GONZALEZ-CAME-300x208.png\" alt=\"\" width=\"300\" height=\"208\" srcset=\"https:\/\/www.visionweb.com.ar\/wp-content\/uploads\/2023\/03\/GONZALEZ-CAME-300x208.png 300w, https:\/\/www.visionweb.com.ar\/wp-content\/uploads\/2023\/03\/GONZALEZ-CAME.png 448w\" sizes=\"auto, (max-width: 300px) 100vw, 300px\" \/>Por otra parte, en cuanto a la legislaci\u00f3n laboral resalt\u00f3 que \u201clos avances tecnol\u00f3gicos del mundo nos obligan a replantear la forma en la que nos vinculamos empresarios y trabajadores\u201d. Y a\u00f1adi\u00f3: \u201cHay una generaci\u00f3n de trabajadores nuevos a los que no les interesa estar dentro de los formatos laborales creados en la d\u00e9cada del \u201970\u201d.<\/span><\/p>\n<p>Por \u00faltimo, en lo que refiere a financiamiento expres\u00f3 que \u201clas pymes estamos acostumbradas a vivir con lo nuestro, pero no existen perspectivas de crecimiento econ\u00f3mico para ninguna empresa si no tiene acceso a cr\u00e9dito bancario\u201d.<\/p>\n<p><span lang=\"ES\">Cabe destacar que entre los presentes se encontraban los secretarios generales de la Federaci\u00f3n Argentina de Empleados de Comercio y Servicios (FAECYS), Armando Cavalieri, y el de la Uni\u00f3n Argentina de Trabajadores Rurales y Estibadores (UATRE), Jos\u00e9 Voytenco. <\/span><\/p>\n<p><span lang=\"ES\">Ambos gremios son paritarios con CAME en los sectores de comercio y servicios y de econom\u00edas regionales.<\/span><\/p>\n<p><span lang=\"ES\">Durante la asamblea tambi\u00e9n se renovaron los siguientes cargos:<\/span><\/p>\n<p><b><span lang=\"ES\">Vicepresidente 1\u00ba<\/span><\/b><span lang=\"ES\">: Camilo Alberto Kahale<\/span><br \/>\n<b><span lang=\"ES\">Vicepresidente 2\u00ba<\/span><\/b><span lang=\"ES\">: Fabi\u00e1n Castillo<\/span><br \/>\n<b><span lang=\"ES\">Vicepresidenta 3\u00aa<\/span><\/b><span lang=\"ES\">: Claudia Fern\u00e1ndez<\/span><br \/>\n<b><span lang=\"ES\">Secretario General<\/span><\/b><span lang=\"ES\">: Ricardo Diab<\/span><br \/>\n<b><span lang=\"ES\">Secretario de Hacienda<\/span><\/b><span lang=\"ES\">: Blas Taladrid<\/span><br \/>\n<b><span lang=\"ES\">Prosecretario de Hacienda<\/span><\/b><span lang=\"ES\">: Eduardo Rodr\u00edguez<\/span><br \/>\n<b><span lang=\"ES\">Secretario de Organizaci\u00f3n<\/span><\/b><span lang=\"ES\">: Silvio Farach<\/span><br \/>\n<b><span lang=\"ES\">Secretario Gremial<\/span><\/b><span lang=\"ES\">: Guillermo Polke<\/span><br \/>\n<b><span lang=\"ES\">Secretario de Prensa<\/span><\/b><span lang=\"ES\">: Salvador Femen\u00eda<\/span><br \/>\n<b><span lang=\"ES\">Secretaria de Capacitaci\u00f3n<\/span><\/b><span lang=\"ES\">: Beatriz Tourn<\/span><br \/>\n<b><span lang=\"ES\">Secretario de Relaciones Institucionales<\/span><\/b><span lang=\"ES\">: Ezequiel Cerezo<\/span><br \/>\n<b><span lang=\"ES\">Secretario de Relaciones Internacionales<\/span><\/b><span lang=\"ES\">: Luis Alonso<\/span><br \/>\n<b><span lang=\"ES\">Secretario de Turismo<\/span><\/b><span lang=\"ES\">: Gregorio Werchow<\/span><br \/>\n<b><span lang=\"ES\">Secretario de Servicios<\/span><\/b><span lang=\"ES\">: Dino Minnozi<\/span><br \/>\n<b><span lang=\"ES\">Secretario de Interior<\/span><\/b><span lang=\"ES\">: Gerardo D\u00edaz Beltr\u00e1n<\/span><\/p>\n<p><span lang=\"ES\">CAME es la \u00fanica entidad del pa\u00eds que representa a 1.491 federaciones, c\u00e1maras, centros y uniones de los distintos sectores productivos de todas las provincias de la Argentina y su estatuto garantiza el federalismo en la conducci\u00f3n. Su principal objetivo es la defensa de las peque\u00f1as y medianas empresas como principal motor de la econom\u00eda. Todas las entidades asociadas a CAME representan exclusivamente a las pymes<strong>(VW)<\/strong>.<\/span><\/p>\n","protected":false},"excerpt":{"rendered":"<p>Gonz\u00e1lez:\u00a0 \u00abLas pymes estamos acostumbradas a vivir con lo nuestro, pero no existen perspectivas de crecimiento econ\u00f3mico para ninguna empresa si no tiene acceso a cr\u00e9dito bancario\u201d.<\/p>\n","protected":false},"author":3,"featured_media":10159,"comment_status":"closed","ping_status":"closed","sticky":false,"template":"","format":"standard","meta":{"_monsterinsights_skip_tracking":false,"_monsterinsights_sitenote_active":false,"_monsterinsights_sitenote_note":"","_monsterinsights_sitenote_category":0,"footnotes":""},"categories":[749],"tags":[309,2577,4090,1591],"class_list":["post-10158","post","type-post","status-publish","format-standard","has-post-thumbnail","hentry","category-pymes","tag-came","tag-gonzalez","tag-periodo","tag-reeleccion"],"_links":{"self":[{"href":"https:\/\/www.visionweb.com.ar\/index.php?rest_route=\/wp\/v2\/posts\/10158","targetHints":{"allow":["GET"]}}],"collection":[{"href":"https:\/\/www.visionweb.com.ar\/index.php?rest_route=\/wp\/v2\/posts"}],"about":[{"href":"https:\/\/www.visionweb.com.ar\/index.php?rest_route=\/wp\/v2\/types\/post"}],"author":[{"embeddable":true,"href":"https:\/\/www.visionweb.com.ar\/index.php?rest_route=\/wp\/v2\/users\/3"}],"replies":[{"embeddable":true,"href":"https:\/\/www.visionweb.com.ar\/index.php?rest_route=%2Fwp%2Fv2%2Fcomments&post=10158"}],"version-history":[{"count":1,"href":"https:\/\/www.visionweb.com.ar\/index.php?rest_route=\/wp\/v2\/posts\/10158\/revisions"}],"predecessor-version":[{"id":10161,"href":"https:\/\/www.visionweb.com.ar\/index.php?rest_route=\/wp\/v2\/posts\/10158\/revisions\/10161"}],"wp:featuredmedia":[{"embeddable":true,"href":"https:\/\/www.visionweb.com.ar\/index.php?rest_route=\/wp\/v2\/media\/10159"}],"wp:attachment":[{"href":"https:\/\/www.visionweb.com.ar\/index.php?rest_route=%2Fwp%2Fv2%2Fmedia&parent=10158"}],"wp:term":[{"taxonomy":"category","embeddable":true,"href":"https:\/\/www.visionweb.com.ar\/index.php?rest_route=%2Fwp%2Fv2%2Fcategories&post=10158"},{"taxonomy":"post_tag","embeddable":true,"href":"https:\/\/www.visionweb.com.ar\/index.php?rest_route=%2Fwp%2Fv2%2Ftags&post=10158"}],"curies":[{"name":"wp","href":"https:\/\/api.w.org\/{rel}","templated":true}]}}